{"id":100611,"date":"2023-10-11T09:43:17","date_gmt":"2023-10-11T06:43:17","guid":{"rendered":"https:\/\/www.giurgiuveanul.ro\/stiri\/?p=100611"},"modified":"2023-10-11T09:43:17","modified_gmt":"2023-10-11T06:43:17","slug":"impreuna-din-prima-zi-investitie-de-15-milioane-de-euro-pentru-dotarea-cu-aparatura-medicala-de-ultima-generatie-a-16-unitati-medicale-beneficiare-si-doua-spitale-din-judetul-gi","status":"publish","type":"post","link":"https:\/\/www.giurgiuveanul.ro\/stiri\/impreuna-din-prima-zi-investitie-de-15-milioane-de-euro-pentru-dotarea-cu-aparatura-medicala-de-ultima-generatie-a-16-unitati-medicale-beneficiare-si-doua-spitale-din-judetul-gi\/","title":{"rendered":"\u201e\u00cempreun\u0103 din prima zi\u201d &#8211; Investi\u021bie de 1,5 milioane de euro, pentru dotarea cu aparatur\u0103 medical\u0103 de ultim\u0103 genera\u021bie a 16 unit\u0103\u021bi medicale. Beneficiare \u015fi dou\u0103 spitale din jude\u0163ul Giurgiu!"},"content":{"rendered":"<p style=\"text-align: justify;\"><strong><a href=\"https:\/\/www.giurgiuveanul.ro\/stiri\/wp-content\/uploads\/2023\/10\/00.png\"><img loading=\"lazy\" decoding=\"async\" class=\"aligncenter  wp-image-100612\" src=\"https:\/\/www.giurgiuveanul.ro\/stiri\/wp-content\/uploads\/2023\/10\/00-560x315.png\" alt=\"\" width=\"581\" height=\"327\" srcset=\"https:\/\/www.giurgiuveanul.ro\/stiri\/wp-content\/uploads\/2023\/10\/00-560x315.png 560w, https:\/\/www.giurgiuveanul.ro\/stiri\/wp-content\/uploads\/2023\/10\/00-250x141.png 250w, https:\/\/www.giurgiuveanul.ro\/stiri\/wp-content\/uploads\/2023\/10\/00-768x432.png 768w, https:\/\/www.giurgiuveanul.ro\/stiri\/wp-content\/uploads\/2023\/10\/00-400x225.png 400w, https:\/\/www.giurgiuveanul.ro\/stiri\/wp-content\/uploads\/2023\/10\/00.png 1080w\" sizes=\"auto, (max-width: 581px) 100vw, 581px\" \/><\/a>Investi\u021bia asigur\u0103 dotarea<!--more--> a \u00eenc\u0103 16 unit\u0103\u021bi medicale cu aparatur\u0103 medical\u0103 modern\u0103 care permite \u00eengrijirea adecvat\u0103 a nou-n\u0103scu\u021bilor<\/strong><\/p>\n<p style=\"text-align: justify;\"><strong>\u00a0<\/strong><\/p>\n<p style=\"text-align: justify;\"><strong>Bucure\u0219ti, 11 octombrie 2023: <\/strong>Organiza\u021bia Salva\u021bi Copiii Rom\u00e2nia \u015fi Funda\u0163ia OMV Petrom dau startul edi\u0163iei a doua a programului \u201e\u00cempreun\u0103 din prima zi\u201d prin dotarea a \u00eenc\u0103 16 unit\u0103\u021bi medicale: sec\u021bii de neonatologie, terapie intensiv\u0103 neonatal\u0103 \u0219i obstetric\u0103-ginecologie din 12 jude\u021be din \u021bar\u0103. Investi\u021bia de 1,5 milioane de euro va include dotarea cu echipamente medicale performante de monitorizare a st\u0103rii de s\u0103n\u0103tate a nou-n\u0103scu\u021bilor. Astfel, num\u0103rul total al spitalelor dotate prin programul \u201c\u00cempreun\u0103 din prima zi\u201d se ridic\u0103 la 60 de spitale iar investi\u021bia total\u0103 este de 2,5 milioane de euro.<\/p>\n<p style=\"text-align: justify;\">\n<p style=\"text-align: justify;\">Unit\u0103\u021bile medicale vor fi dotate cu aparatur\u0103 medical\u0103 de ultim\u0103 genera\u021bie de monitorizare \u0219i men\u021binere a st\u0103rii de s\u0103n\u0103tate a nou-n\u0103scu\u021bilor, de exemplu: ecocardiograf, electroencefalograf, ventilator, banc\u0103 de lapte. Astfel, nou-n\u0103scu\u021bii cu probleme majore pot primi \u00eengrijire adecvat\u0103, f\u0103r\u0103 a pierde timp vital, prin c\u0103utarea unor solu\u021bii de transfer la spitalele care au aparatura necesar\u0103.<\/p>\n<p style=\"text-align: justify;\"><em>\u00a0<\/em><\/p>\n<p style=\"text-align: justify;\"><em>\u201cSistemul de s\u0103n\u0103tate din Rom\u00e2nia r\u0103m\u00e2ne unul cu multiple vulnerabilit\u0103\u021bi \u0219i necesit\u0103 aten\u021bie \u0219i implicarea at\u00e2t a autorit\u0103\u021bilor, c\u00e2t \u0219i a societ\u0103\u021bii civile. Ast\u0103zi, diferen\u021ba dintre via\u021b\u0103 \u0219i o moarte o face calitatea aparaturii medicale, dar \u0219i disponibilitatea ei: \u00een multe cazuri unde spitalul nu este dotat corespunz\u0103tor, timpul pierdut pentru a c\u0103uta solu\u021bii de transfer \u00eentr-un centru medical care s\u0103 aib\u0103 un ventilator de suport respirator, de exemplu, se poate transforma \u00eentr-o dram\u0103 pentru familie\u201d, <\/em>a explicat <strong>Gabriela Alexandrescu, Pre\u0219edinte Executiv Salva\u021bi Copiii Rom\u00e2nia.<\/strong><\/p>\n<p style=\"text-align: justify;\">\u201e<em>Primul proiect al Funda\u021biei OMV Petrom &lt;&lt;\u00cempreun\u0103 din prima zi&gt;&gt; are rezultate concrete pentru cele 45 de sec\u021bii de neonatologie \u0219i maternit\u0103\u021bi, care au fost dotate cu peste 170 de echipamente medicale performante. Rom\u00e2nia se confrunt\u0103 cu o incapacitate mare de a r\u0103spunde nevoilor de \u00eengrijire neonatal\u0103, de aceea, prin aceste dot\u0103ri, Funda\u021bia OMV Petrom \u00ee\u0219i continu\u0103 misiunea de a sus\u021bine reducerea mortalit\u0103\u021bii infantile\u201d<\/em> a declarat <strong>Amalia Fodor, Director Executiv Funda\u0163ia OMV Petrom. <\/strong><\/p>\n<p style=\"text-align: justify;\"><strong>\u00a0<\/strong><\/p>\n<p style=\"text-align: justify;\"><strong>Context: <\/strong><\/p>\n<p style=\"text-align: justify;\">Na\u0219terea \u00een Rom\u00e2nia r\u0103m\u00e2ne discriminatorie, at\u00e2ta vreme c\u00e2t un prematur n\u0103scut \u00eentr-o maternitate dotat\u0103 cu aparatur\u0103 medical\u0103 modern\u0103 supravie\u021buie\u0219te \u0219i ajunge astfel la prima aniversare, \u00een vreme ce un prematur care are ghinionul de a veni pe lume \u00eentr-o maternitate f\u0103r\u0103 aparatur\u0103 medical\u0103 sau cu aparatur\u0103 medical\u0103 neperformant\u0103 \u0219i \u00eenvechit\u0103 are o \u0219ans\u0103 la via\u021b\u0103 mult diminuat\u0103. De aceea, din anul 2010 \u0219i p\u00e2n\u0103 \u00een prezent, Organiza\u021bia Salva\u021bi Copiii a dotat 107 unit\u0103\u021bi medicale (sec\u021bii de neonatologie, terapie intensiv\u0103 neonatal\u0103, sec\u021bii de pediatrie \u0219i Obstetric\u0103-Ginecologie) din toate jude\u021bele \u021b\u0103rii, cu peste 1.300 de echipamente vitale, investind peste 8.900.000 de euro. Echipa Salva\u021bi Copiii Rom\u00e2nia, sus\u021binut\u0103 de speciali\u0219ti locali (medici de familie, asisten\u021bi sociali, mediatori sanitari), a creat din 2010 o re\u021bea de incluziune social\u0103 \u0219i combatere a s\u0103r\u0103ciei prin asigurarea de servicii integrate (medicale, sociale, educa\u021bionale) la nivel local, astfel ajut\u00e2nd la cre\u0219terea accesului la servicii sustenabile \u0219i de calitate pentru mame, gravide, gravide minore \u0219i copii p\u00e2n\u0103 \u00een 5 ani. P\u00e2n\u0103 \u00een prezent, Salva\u021bi Copiii Rom\u00e2nia a lucrat \u00een 20 de jude\u021be, \u00een 70 de comunit\u0103\u021bi rurale defavorizate, cu 90.000 de mame, gravide \u0219i copii p\u00e2n\u0103 \u00een 5 ani.<\/p>\n<p style=\"text-align: justify;\"><strong>Date statistice: <\/strong><\/p>\n<p style=\"text-align: justify;\">Potrivit datelor centralizate la nivelul Uniunii Europene pentru anul 2021, Rom\u00e2nia se afl\u0103 pe locul 2 \u00een UE la capitolul mortalitate infantil\u0103, arat\u0103 o statistic\u0103 Eurostat. Astfel, \u00een 2021 Bulgaria a avut o rat\u0103 a mortalit\u0103\u021bii infantile de 5,6 la mia de copii n\u0103scu\u021bi vii, urmat\u0103 de Rom\u00e2nia, cu o rat\u0103 de 5,2 la mie \u015fi Slovacia, unde rata mortalit\u0103\u021bii infantile a fost de 4,9 la mia de copii n\u0103scu\u021bi vii. La polul opus, cea mai mica rat\u0103 a mortalit\u0103\u021bii infantile este \u00eenregistrat\u0103 \u00een Suedia, Finlanda \u015fi Slovenia cu 1,8 la mia de copii n\u0103scu\u021bi vii. De asemenea, potrivit datelor finale ale INS, \u00een anul 2021, rata mortalit\u0103\u021bii infantile \u00een Rom\u00e2nia a ar\u0103tat discrepan\u021bele majore \u00eentre jude\u021bele \u021b\u0103rii. Astfel, primele trei pozi\u021bii \u00een top sunt ocupate de Tulcea (o rat\u0103 a mortalit\u0103\u021bii infantile de 11,1 la mia de copii n\u0103scu\u021bi vii), S\u0103laj (8,9 la mie) \u0219i Neam\u021b (8,2 la mie), \u00een vreme ce \u00een Bucure\u0219ti, unde sunt cele mai multe maternit\u0103\u021bi de gradul 3, rata mortalit\u0103\u021bii infantile a fost de 2,3 la mia de copii n\u0103scu\u021bi vii.<\/p>\n<p style=\"text-align: justify;\"><strong><u>\u00a0<\/u><\/strong><\/p>\n<p style=\"text-align: justify;\"><strong><u>Despre Funda\u0163ia OMV Petrom<\/u><\/strong><\/p>\n<p style=\"text-align: justify;\">Lansat\u0103 \u00een anul 2022, Funda\u021bia OMV Petrom construie\u0219te programe \u0219i sus\u021bine investi\u021bii pe termen lung \u00een Rom\u00e2nia pentru comunit\u0103\u021bi dezavantajate, \u00een trei domenii cheie: educa\u021bie, mediu \u0219i s\u0103n\u0103tate.<\/p>\n<p style=\"text-align: justify;\"><a href=\"http:\/\/www.fundatiaomvpetrom.ro\">www.fundatiaomvpetrom.ro<\/a><\/p>\n<p style=\"text-align: justify;\"><strong>\u00a0<\/strong><\/p>\n<p style=\"text-align: justify;\"><strong><u>Despre Salva\u021bi Copiii Rom\u00e2nia<\/u><\/strong><\/p>\n<p style=\"text-align: justify;\">De 33 de ani, Salva\u021bi Copiii Rom\u00e2nia construie\u0219te programe sociale, politici publice \u0219i practici solide \u00een beneficiul copilului din Rom\u00e2nia. Expertiza \u0219i complexitatea proiectelor la nivel na\u021bional fac din organiza\u021bie o institu\u021bie social\u0103 esen\u021bial\u0103, al c\u0103rei rol este medierea \u00eentre societate \u0219i autoritatea public\u0103, \u00een beneficiul copilului. \u00cen cele peste trei decenii de activitate, Salva\u021bi Copiii a intervenit activ \u00een societate, identific\u00e2nd solu\u021bii concrete pentru protejarea \u0219i sprijinirea copiilor vulnerabili, \u0219i a militat, \u00een acela\u0219i timp, pentru o colaborare viabil\u0103 cu autorit\u0103\u021bile decidente, pentru asigurarea interesului superior al copilului. Salva\u021bi Copiii \u0219i-a asumat rolul de supraveghere vigilent\u0103 a autorit\u0103\u021bilor publice, \u00een a\u0219a fel \u00eenc\u00e2t acestea s\u0103 implementeze politici publice de durat\u0103 care s\u0103 corecteze cauzele care duc la vulnerabilizarea copiilor. Totodat\u0103, organiza\u021bia a reu\u0219it s\u0103 creeze re\u021bele active de solidaritate, prin \u00eencurajarea responsabilit\u0103\u021bii sociale a companiilor \u0219i a societ\u0103\u021bii, \u00een sens larg. \u00cen calitate de membru al Save the Children, cea mai mare organiza\u021bie independent\u0103 din lume care promoveaz\u0103 drepturile copilului \u015fi care cuprinde 30 de membri \u0219i desf\u0103\u0219oar\u0103 programe \u00een peste 120 de \u021b\u0103ri, VIZIUNEA noastr\u0103 este o lume care respect\u0103, pentru fiecare copil, dreptul s\u0103u la 5 supravie\u021buire, educa\u021bie, protec\u021bie \u0219i participare, asum\u00e2ndu-ne MISIUNEA de a ob\u021bine progrese importante privind modul \u00een care copiii sunt trata\u021bi \u0219i producerea schimb\u0103rilor imediate \u0219i de durat\u0103 \u00een via\u021ba acestora. Peste 3.369.000 de copii au fost implica\u021bi \u00een programele \u0219i campaniile Organiza\u021biei Salva\u021bi Copiii.<\/p>\n<p style=\"text-align: justify;\">\n<p style=\"text-align: justify;\"><strong>Anex\u0103: Lista spitalelor care vor fi dotate prin programul <\/strong><a href=\"https:\/\/fundatiaomvpetrom.ro\/proiect\/impreuna-din-prima-zi-1\"><strong>&#8222;\u00cempreun\u0103 din prima zi&#8221;<\/strong><\/a><\/p>\n<ol>\n<li style=\"text-align: justify;\">Institutul de Urgen\u021b\u0103 pentru Boli Cardiovasculare \u0219i Transplant T\u00e2rgu Mure\u0219, Sec\u021bia Clinic\u0103 Cardiologie III Copii <strong>(Mure\u0219)<\/strong>, unicul furnizor de servicii spitalice\u0219ti de chirurgie cardiovascular\u0103 pentru copii, va fi dotat cu un ecocardiograf, care va permite monitorizarea complex\u0103 a cazurilor.<\/li>\n<li style=\"text-align: justify;\">Spitalul Or\u0103\u0219enesc General Bolintin Vale <strong>(Giurgiu),<\/strong> care deserve\u0219te o popula\u021bie de circa 90 de mii locuitori, va fi dotat cu echipamente specifice unei sec\u021bii de terapie intensiv\u0103.<\/li>\n<li style=\"text-align: justify;\">Sec\u021bia de neonatologie a Spitalului Jude\u021bean de Urgen\u021b\u0103 Giurgiu <strong>(Giurgiu)<\/strong>, care \u00eengrije\u0219te copiii prematuri cu o patologie neonatal\u0103 complex\u0103 va fi dotat cu echipamente pentru sus\u021binerea func\u021biei respiratorii a copiilor prematuri sau cu probleme respiratorii \u0219i o monitorizare a func\u021biilor vitale.<\/li>\n<li style=\"text-align: justify;\">Compartimentul de Neonatologie din cadrul Spitalului Municipal Olteni\u021ba <strong>(C\u0103l\u0103ra\u0219i),<\/strong> unde sunt \u00eengriji\u021bi anual aproximativ de 400 de nou-n\u0103scu\u021bi, va fi echipat cu echipamente medicale performante astfel \u00eenc\u00e2t medicii s\u0103 poat\u0103 monitoriza cre\u0219terea \u0219i dezvoltarea nou-n\u0103scutului.<\/li>\n<li style=\"text-align: justify;\">Sec\u021bia de neonatologie a maternit\u0103\u021bii Spitalului Jude\u021bean de Urgen\u021b\u0103 Bac\u0103u <strong>(Bac\u0103u),<\/strong> care a oferit \u00eengrijiri medicale unui num\u0103r de aproximativ 17.000 nou-n\u0103scu\u021bi \u00een ultimii cinci ani, dintre care peste 1.700 de prematuri va primi un sistem de monitorizarea cerebral\u0103 video-electroencefalografic\u0103 \u0219i un echipament neonatal de electroencefalografie de amplitudine integrat\u0103. Totodat\u0103, va fi dotat \u0219i punctul dietetic cu: ma\u0219ina de sp\u0103lat, aparat de dezinfectat biberoane \u0219i pompe de muls.<\/li>\n<li style=\"text-align: justify;\">Spitalul Municipal Topli\u021ba <strong>(Harghita)<\/strong> care \u00eengrije\u0219te \u00een medie 140 de nou-n\u0103scu\u021bi, dintre care 25 de prematuri, va beneficia de resuscitator \u0219i echipamente specifice pentru monitorizarea \u0219i pentru sus\u021binerea func\u021biei respiratorii a nou-n\u0103scu\u021bilor.<\/li>\n<li style=\"text-align: justify;\">\u00cen cadrul Spitalului Clinic Filantropia <strong>(Bucure\u0219ti),<\/strong> vom crea o banca de lapte \u0219i va fi amenajat un spa\u021biu adecvat pentru prepararea \u0219i stocarea \u00een bune condi\u021bii a alimenta\u021biei materne, care va fi dotat cu: pompe electrice, recipiente de colectare, frigidere medicale, congelatoare, pasteurizator, hot\u0103 cu flux laminar, analizor de lapte, un aparat de \u00eenc\u0103lzire a laptelui, computer, mobilier.<\/li>\n<li style=\"text-align: justify;\">Sec\u021bia de terapie intensiv\u0103 neonatal\u0103 a Spitalului Jude\u021bean de Urgen\u021b\u0103 Slobozia <strong>(Ialomi\u021ba),<\/strong> unica din acest jude\u021b va fi modernizat\u0103 \u0219i dotat\u0103 cu echipamente medicale si cu posturi complete pentru prematuri \u0219i nou-n\u0103scu\u021bi la termen cu patologie asociat\u0103, precum \u0219i cu un sistem de telemedicin\u0103.<\/li>\n<li style=\"text-align: justify;\">Sec\u021bia de neonatologie a Spitalului Jude\u021bean de Urgen\u021b\u0103 T\u00e2rgu-Jiu <strong>(Gorj),<\/strong> care a \u00eengrijit in anul 2022 981 de nou-n\u0103scu\u021bi dintre care 80 prematuri va fi echipat\u0103 cu un ecograf portabil.<\/li>\n<li style=\"text-align: justify;\">Compartimentul de terapie intensiv\u0103 al Spitalul Municipal de Urgen\u021b\u0103 Roman <strong>(Neam\u021b)<\/strong>, care \u00eengrije\u0219te anual peste 1.000 de nou-n\u0103scu\u021bi va primi echipamente pentru reanimarea \u0219i monitorizarea nou-n\u0103scu\u021bilor.<\/li>\n<li style=\"text-align: justify;\">Maternitatea Spitalului Or\u0103\u0219enesc \u201cSf. Dimitrie\u201d T\u00e2rgu Neam\u021b <strong>(Neam\u021b)<\/strong> care \u00eengrije\u0219te anual \u00een jur de 500-600 de nou n\u0103scu\u021bi va primi echipamente \u015fi mobilier specific spitalicesc.<\/li>\n<li style=\"text-align: justify;\">Spitalul de Pediatrie Ploie\u0219ti <strong>(Prahova)<\/strong>, care deserve\u0219te o popula\u021bie de 700.000 de locuitori, dintre care 250.000 sunt copii va primi echipamente destinate transportului si monitoriz\u0103rii nou-n\u0103scu\u021bilor.<\/li>\n<li style=\"text-align: justify;\">Sec\u021bia de neonatologie a Spitalului Jude\u021bean de Urgen\u021b\u0103 Ploie\u0219ti \u201eDr. Constantin Andreoiu\u201d <strong>(Prahova)<\/strong>, care \u00eengrije\u0219te anual peste 4.000 de nou-n\u0103scu\u021bi, dintre care 400 de prematuri va fi echipat\u0103 cu un aparat de radiologie.<\/li>\n<li style=\"text-align: justify;\">Spitalul Jude\u021bean de Urgen\u021b\u0103 Suceava <strong>(Suceava)<\/strong>, care a oferit \u00eengrijire pentru 3.746 de nou-n\u0103scu\u021bi \u00een anul 2021, cu 25 de na\u0219teri \u00eenregistrate la mame cu v\u00e2rsta sub 15 ani \u0219i 317 de na\u0219teri premature, va fi dotat cu un aparat de ultrasunete pentru neonatologie \u0219i un dispozitiv de terapie respiratorie CPAP.<\/li>\n<li style=\"text-align: justify;\">Compartimentul de neonatologie al Spitalului Municipal C\u00e2mpulung Moldovenesc <strong>(Suceava)<\/strong>, situat la o distan\u021b\u0103 de aproximativ 78 km de Spitalul Jude\u021bean Suceava, va fi echipat cu echipamente \u015fi mobilier medical, astfel \u00eenc\u00e2t nou-n\u0103scu\u021bii \u00eengriji\u021bi \u00een sec\u021bie s\u0103 poat\u0103 beneficia de confort \u0219i \u00eengrijiri medicale de cea mai bun\u0103 calitate.<\/li>\n<li style=\"text-align: justify;\">Sec\u021bia de neonatologie a Spitalul Jude\u021bean de Urgen\u021b\u0103 Alexandria <strong>(Teleorman)<\/strong>, \u00een care sunt \u00eengriji\u021bi anual \u00een jur de 1.200 de nou-n\u0103scu\u021bi va fi dotat\u0103 cu echipamente medicale.<\/li>\n<\/ol>\n","protected":false},"excerpt":{"rendered":"<p>Investi\u021bia asigur\u0103 dotarea<\/p>\n","protected":false},"author":1,"featured_media":0,"comment_status":"open","ping_status":"open","sticky":false,"template":"","format":"standard","meta":{"footnotes":""},"categories":[6],"tags":[],"class_list":["post-100611","post","type-post","status-publish","format-standard","hentry","category-breaking-news"],"_links":{"self":[{"href":"https:\/\/www.giurgiuveanul.ro\/stiri\/wp-json\/wp\/v2\/posts\/100611","targetHints":{"allow":["GET"]}}],"collection":[{"href":"https:\/\/www.giurgiuveanul.ro\/stiri\/wp-json\/wp\/v2\/posts"}],"about":[{"href":"https:\/\/www.giurgiuveanul.ro\/stiri\/wp-json\/wp\/v2\/types\/post"}],"author":[{"embeddable":true,"href":"https:\/\/www.giurgiuveanul.ro\/stiri\/wp-json\/wp\/v2\/users\/1"}],"replies":[{"embeddable":true,"href":"https:\/\/www.giurgiuveanul.ro\/stiri\/wp-json\/wp\/v2\/comments?post=100611"}],"version-history":[{"count":0,"href":"https:\/\/www.giurgiuveanul.ro\/stiri\/wp-json\/wp\/v2\/posts\/100611\/revisions"}],"wp:attachment":[{"href":"https:\/\/www.giurgiuveanul.ro\/stiri\/wp-json\/wp\/v2\/media?parent=100611"}],"wp:term":[{"taxonomy":"category","embeddable":true,"href":"https:\/\/www.giurgiuveanul.ro\/stiri\/wp-json\/wp\/v2\/categories?post=100611"},{"taxonomy":"post_tag","embeddable":true,"href":"https:\/\/www.giurgiuveanul.ro\/stiri\/wp-json\/wp\/v2\/tags?post=100611"}],"curies":[{"name":"wp","href":"https:\/\/api.w.org\/{rel}","templated":true}]}}