{"id":100614,"date":"2023-10-11T16:12:12","date_gmt":"2023-10-11T13:12:12","guid":{"rendered":"https:\/\/www.giurgiuveanul.ro\/stiri\/?p=100614"},"modified":"2023-10-11T16:12:42","modified_gmt":"2023-10-11T13:12:42","slug":"ipj-giurgiu-barbat-arestat-preventiv-pentru-incalcarea-ordinului-de-protectie-provizoriu","status":"publish","type":"post","link":"https:\/\/www.giurgiuveanul.ro\/stiri\/ipj-giurgiu-barbat-arestat-preventiv-pentru-incalcarea-ordinului-de-protectie-provizoriu\/","title":{"rendered":"IPJ Giurgiu. B\u0103rbat arestat preventiv pentru \u00eenc\u0103lcarea ordinului de protec\u021bie provizoriu"},"content":{"rendered":"<p style=\"text-align: justify;\"><strong><a href=\"https:\/\/www.giurgiuveanul.ro\/stiri\/wp-content\/uploads\/2023\/10\/000-arestat.jpeg\"><img loading=\"lazy\" decoding=\"async\" class=\"aligncenter wp-image-100615\" src=\"https:\/\/www.giurgiuveanul.ro\/stiri\/wp-content\/uploads\/2023\/10\/000-arestat-324x450.jpeg\" alt=\"\" width=\"567\" height=\"787\" srcset=\"https:\/\/www.giurgiuveanul.ro\/stiri\/wp-content\/uploads\/2023\/10\/000-arestat-324x450.jpeg 324w, https:\/\/www.giurgiuveanul.ro\/stiri\/wp-content\/uploads\/2023\/10\/000-arestat-216x300.jpeg 216w, https:\/\/www.giurgiuveanul.ro\/stiri\/wp-content\/uploads\/2023\/10\/000-arestat-768x1068.jpeg 768w, https:\/\/www.giurgiuveanul.ro\/stiri\/wp-content\/uploads\/2023\/10\/000-arestat-400x556.jpeg 400w\" sizes=\"auto, (max-width: 567px) 100vw, 567px\" \/><\/a>Poli\u021bia<!--more--> ora\u0219 Bolintin Vale a fost sesizat\u0103, la data de 10 octombrie a.c., ora 18.35, \u00a0prin S.N.U.A.U. 112, de c\u0103tre o femeie, de 23 de ani,\u00a0 cu privire la faptul c\u0103 tat\u0103l s\u0103u a \u00eenc\u0103lcat ordinul de protec\u021bie provizoriu emis \u00eempotriva sa \u0219i a revenit la domiciliul comun, unde ar fi provocat\u00a0 scandal.<\/strong><\/p>\n<p style=\"text-align: justify;\">\u00cen temeiul sesiz\u0103rii, la fa\u021ba locului s-au deplasat poli\u021bi\u0219tii, respectiv la imobilul situat \u00een localitatea Malu Spart, jude\u021bul Giurgiu, unde au constatat c\u0103 aspectele sesizate sesizate se confirm\u0103.<\/p>\n<p style=\"text-align: justify;\">Din primele cercet\u0103ri, a reie\u0219it faptul c\u0103, la data de 8 octombrie a.c, \u00eempotriva b\u0103rbatului, de 55 de ani, a fost emis de c\u0103tre poli\u021bi\u0219ti un ordin de protec\u021bie provizoriu, ca urmare a s\u0103v\u00e2r\u0219irii infrac\u021biunii de violen\u021b\u0103 \u00een familie, fiind obligat s\u0103 p\u0103r\u0103seasc\u0103 locuin\u021ba comun\u0103 \u0219i s\u0103 p\u0103streze o distan\u021b\u0103 de 50 de metri fa\u021b\u0103 de fiica sa.<\/p>\n<p style=\"text-align: justify;\">B\u0103rbatul \u00een cauz\u0103 a \u00eenc\u0103lcat prevederile ordinul de protec\u021bie provizoriu emis, at\u00e2t \u00een ziua emiterii, c\u00e2t \u0219i ulterior, la data de 9 octombrie a.c., fapt pentru care poli\u021bi\u0219tii au \u00eentomit un dosar penal sub aspectul s\u0103v\u00e2r\u0219irii infrac\u021biunii de \u00eenc\u0103lcarea m\u0103surilor dispuse prin ordinul de protec\u021bie provizoriu.<\/p>\n<p style=\"text-align: justify;\">La data de 10 octombrie a.c., pe baza probatoriului administrat, sub coordonarea procurorului din cadrul Parchetului de pe l\u00e2ng\u0103 Judec\u0103toria Bolintin Vale, acesta a fost re\u021binut, pentru 24 de ore.<\/p>\n<p style=\"text-align: justify;\">Ast\u0103zi, 11 octombrie a.c., instan\u021ba de judecat\u0103 a dispus, fa\u021b\u0103 de b\u0103rbatul \u00een cauz\u0103, m\u0103sura arest\u0103rii preventive, pentru 30 de zile.<\/p>\n","protected":false},"excerpt":{"rendered":"<p>Poli\u021bia<\/p>\n","protected":false},"author":1,"featured_media":0,"comment_status":"open","ping_status":"open","sticky":false,"template":"","format":"standard","meta":{"footnotes":""},"categories":[6],"tags":[],"class_list":["post-100614","post","type-post","status-publish","format-standard","hentry","category-breaking-news"],"_links":{"self":[{"href":"https:\/\/www.giurgiuveanul.ro\/stiri\/wp-json\/wp\/v2\/posts\/100614","targetHints":{"allow":["GET"]}}],"collection":[{"href":"https:\/\/www.giurgiuveanul.ro\/stiri\/wp-json\/wp\/v2\/posts"}],"about":[{"href":"https:\/\/www.giurgiuveanul.ro\/stiri\/wp-json\/wp\/v2\/types\/post"}],"author":[{"embeddable":true,"href":"https:\/\/www.giurgiuveanul.ro\/stiri\/wp-json\/wp\/v2\/users\/1"}],"replies":[{"embeddable":true,"href":"https:\/\/www.giurgiuveanul.ro\/stiri\/wp-json\/wp\/v2\/comments?post=100614"}],"version-history":[{"count":0,"href":"https:\/\/www.giurgiuveanul.ro\/stiri\/wp-json\/wp\/v2\/posts\/100614\/revisions"}],"wp:attachment":[{"href":"https:\/\/www.giurgiuveanul.ro\/stiri\/wp-json\/wp\/v2\/media?parent=100614"}],"wp:term":[{"taxonomy":"category","embeddable":true,"href":"https:\/\/www.giurgiuveanul.ro\/stiri\/wp-json\/wp\/v2\/categories?post=100614"},{"taxonomy":"post_tag","embeddable":true,"href":"https:\/\/www.giurgiuveanul.ro\/stiri\/wp-json\/wp\/v2\/tags?post=100614"}],"curies":[{"name":"wp","href":"https:\/\/api.w.org\/{rel}","templated":true}]}}