{"id":100619,"date":"2023-10-11T16:42:11","date_gmt":"2023-10-11T13:42:11","guid":{"rendered":"https:\/\/www.giurgiuveanul.ro\/stiri\/?p=100619"},"modified":"2023-10-11T16:42:11","modified_gmt":"2023-10-11T13:42:11","slug":"incendiu-in-municipiul-giurgiu","status":"publish","type":"post","link":"https:\/\/www.giurgiuveanul.ro\/stiri\/incendiu-in-municipiul-giurgiu\/","title":{"rendered":"INCENDIU \u00een municipiul Giurgiu"},"content":{"rendered":"<p style=\"text-align: justify;\"><strong><a href=\"https:\/\/www.giurgiuveanul.ro\/stiri\/wp-content\/uploads\/2023\/10\/00000-incendiu.jpeg\"><img loading=\"lazy\" decoding=\"async\" class=\"aligncenter  wp-image-100620\" src=\"https:\/\/www.giurgiuveanul.ro\/stiri\/wp-content\/uploads\/2023\/10\/00000-incendiu-560x373.jpeg\" alt=\"\" width=\"572\" height=\"381\" srcset=\"https:\/\/www.giurgiuveanul.ro\/stiri\/wp-content\/uploads\/2023\/10\/00000-incendiu-560x373.jpeg 560w, https:\/\/www.giurgiuveanul.ro\/stiri\/wp-content\/uploads\/2023\/10\/00000-incendiu-250x167.jpeg 250w, https:\/\/www.giurgiuveanul.ro\/stiri\/wp-content\/uploads\/2023\/10\/00000-incendiu-768x512.jpeg 768w, https:\/\/www.giurgiuveanul.ro\/stiri\/wp-content\/uploads\/2023\/10\/00000-incendiu-1536x1024.jpeg 1536w, https:\/\/www.giurgiuveanul.ro\/stiri\/wp-content\/uploads\/2023\/10\/00000-incendiu-400x267.jpeg 400w, https:\/\/www.giurgiuveanul.ro\/stiri\/wp-content\/uploads\/2023\/10\/00000-incendiu.jpeg 1595w\" sizes=\"auto, (max-width: 572px) 100vw, 572px\" \/><\/a>Aproximativ dou\u0103<!--more--> tone de lemne, un hectar de vegeta\u021bie uscat\u0103 \u0219i circa 300 kg de materiale plastice au ars, \u00een aceast\u0103 dup\u0103-amiaz\u0103, pe un teren din \u0219oseaua Bucure\u0219ti, la ie\u0219ire din municipiul Giurgiu.<\/strong><\/p>\n<p style=\"text-align: justify;\">Incendiul se manifesta \u00een apropierea a dou\u0103 case, arderea fiind \u00eentre\u021binut\u0103 de cantitatea mare de materiale combustibile \u0219i de v\u00e2nt.<\/p>\n<p style=\"text-align: justify;\">La fa\u021ba locului s-au deplasat pompierii din cadrul Deta\u0219amentului Giurgiu, cu dou\u0103 autospeciale de stingere, sprijini\u021bi de un echipaj al Serviciului Voluntar pentru Situa\u021bii de Urgen\u021b\u0103 de la nivelul Prim\u0103riei municipiului Giurgiu.<\/p>\n<p style=\"text-align: justify;\">Pompierii militari \u0219i voluntari au reu\u0219it s\u0103 limiteze propagarea fl\u0103c\u0103rilor la vecin\u0103t\u0103\u0163i.<\/p>\n<p style=\"text-align: justify;\">Cel mai probabil, incendiul a fost provocat de un foc \u00een aer liber, l\u0103sat nesupravegheat.<\/p>\n<p style=\"text-align: justify;\">Atragem aten\u021bia asupra faptului c\u0103 folosirea focului deschis pentru igienizarea terenurilor \u0219i arderea gunoaielor, a de\u0219eurilor \u0219i a altor materiale combustibile pot avea consecin\u021be grave, at\u00e2t asupra mediului \u00eenconjur\u0103tor \u0219i a solului, c\u00e2t \u0219i asupra propriet\u0103\u021bii sau chiar vie\u021bii oamenilor.<\/p>\n<p style=\"text-align: justify;\">\u00cen astfel de cazuri, fl\u0103c\u0103rile se pot \u00eentinde cu repeziciune pe o suprafa\u021b\u0103 mare, iar \u00een condi\u021bii de v\u00e2nt, incendiile de vegeta\u021bie uscat\u0103 sau de de\u0219euri menajere pot deveni \u0219i mai periculoase dac\u0103 se manifest\u0103 aproape de case, de re\u021bele de electricitate sau de locuri cu pericol de explozie.<\/p>\n","protected":false},"excerpt":{"rendered":"<p>Aproximativ dou\u0103<\/p>\n","protected":false},"author":1,"featured_media":0,"comment_status":"open","ping_status":"open","sticky":false,"template":"","format":"standard","meta":{"footnotes":""},"categories":[6],"tags":[],"class_list":["post-100619","post","type-post","status-publish","format-standard","hentry","category-breaking-news"],"_links":{"self":[{"href":"https:\/\/www.giurgiuveanul.ro\/stiri\/wp-json\/wp\/v2\/posts\/100619","targetHints":{"allow":["GET"]}}],"collection":[{"href":"https:\/\/www.giurgiuveanul.ro\/stiri\/wp-json\/wp\/v2\/posts"}],"about":[{"href":"https:\/\/www.giurgiuveanul.ro\/stiri\/wp-json\/wp\/v2\/types\/post"}],"author":[{"embeddable":true,"href":"https:\/\/www.giurgiuveanul.ro\/stiri\/wp-json\/wp\/v2\/users\/1"}],"replies":[{"embeddable":true,"href":"https:\/\/www.giurgiuveanul.ro\/stiri\/wp-json\/wp\/v2\/comments?post=100619"}],"version-history":[{"count":0,"href":"https:\/\/www.giurgiuveanul.ro\/stiri\/wp-json\/wp\/v2\/posts\/100619\/revisions"}],"wp:attachment":[{"href":"https:\/\/www.giurgiuveanul.ro\/stiri\/wp-json\/wp\/v2\/media?parent=100619"}],"wp:term":[{"taxonomy":"category","embeddable":true,"href":"https:\/\/www.giurgiuveanul.ro\/stiri\/wp-json\/wp\/v2\/categories?post=100619"},{"taxonomy":"post_tag","embeddable":true,"href":"https:\/\/www.giurgiuveanul.ro\/stiri\/wp-json\/wp\/v2\/tags?post=100619"}],"curies":[{"name":"wp","href":"https:\/\/api.w.org\/{rel}","templated":true}]}}