{"id":100633,"date":"2023-10-12T09:32:58","date_gmt":"2023-10-12T06:32:58","guid":{"rendered":"https:\/\/www.giurgiuveanul.ro\/stiri\/?p=100633"},"modified":"2023-10-12T09:33:31","modified_gmt":"2023-10-12T06:33:31","slug":"autoutilitara-in-flacari-pe-dn5","status":"publish","type":"post","link":"https:\/\/www.giurgiuveanul.ro\/stiri\/autoutilitara-in-flacari-pe-dn5\/","title":{"rendered":"Autoutilitar\u0103 \u00een fl\u0103c\u0103ri, pe DN5"},"content":{"rendered":"<p style=\"text-align: justify;\"><strong><a href=\"https:\/\/www.giurgiuveanul.ro\/stiri\/wp-content\/uploads\/2023\/10\/000-incendiu-autoutilitara.jpg\"><img loading=\"lazy\" decoding=\"async\" class=\"aligncenter wp-image-100634\" src=\"https:\/\/www.giurgiuveanul.ro\/stiri\/wp-content\/uploads\/2023\/10\/000-incendiu-autoutilitara-527x450.jpg\" alt=\"\" width=\"572\" height=\"488\" srcset=\"https:\/\/www.giurgiuveanul.ro\/stiri\/wp-content\/uploads\/2023\/10\/000-incendiu-autoutilitara-527x450.jpg 527w, https:\/\/www.giurgiuveanul.ro\/stiri\/wp-content\/uploads\/2023\/10\/000-incendiu-autoutilitara-250x214.jpg 250w, https:\/\/www.giurgiuveanul.ro\/stiri\/wp-content\/uploads\/2023\/10\/000-incendiu-autoutilitara-768x656.jpg 768w, https:\/\/www.giurgiuveanul.ro\/stiri\/wp-content\/uploads\/2023\/10\/000-incendiu-autoutilitara-1536x1312.jpg 1536w, https:\/\/www.giurgiuveanul.ro\/stiri\/wp-content\/uploads\/2023\/10\/000-incendiu-autoutilitara-400x342.jpg 400w, https:\/\/www.giurgiuveanul.ro\/stiri\/wp-content\/uploads\/2023\/10\/000-incendiu-autoutilitara.jpg 1635w\" sizes=\"auto, (max-width: 572px) 100vw, 572px\" \/><\/a>O autoutilitar\u0103 a luat foc,<!--more--> ieri dup\u0103-amiaz\u0103, pe DN 5 \u00een apropierea localit\u0103\u021bii Aduna\u021bii-Cop\u0103ceni. Evenimentul s-a produs pe sensul de mers c\u0103tre Bucure\u0219ti.<\/strong><\/p>\n<p style=\"text-align: justify;\">Conduc\u0103torul auto a auzit un zgomot la motor, a oprit pe partea dreapt\u0103 \u0219i a constatat faptul c\u0103 a izbucnit un incendiu. Acesta, ajutat de al\u021bi participan\u021bi la trafic, a reu\u0219it s\u0103 scoat\u0103 coletele pe care le transporta din remorc\u0103.<\/p>\n<p style=\"text-align: justify;\">\u00cen scurt timp, fl\u0103c\u0103rile s-au extins de la compartimentul motor \u0219i au ajuns la cabin\u0103.<\/p>\n<p style=\"text-align: justify;\">La fa\u021ba locului s-au deplasat pompierii din cadrul Punctului de Lucru C\u0103lug\u0103reni, cu o autospecial\u0103 de stingere. Ace\u0219tia au stins incendiul \u00een limitele g\u0103site \u0219i au oprit propagarea fl\u0103c\u0103rilor la liziera de pe marginea drumului.<\/p>\n<p style=\"text-align: justify;\">Cel mai probabil evenimentul a fost provocat de sc\u00e2nteile mecanice care au aprins uleiul de la motor.<\/p>\n","protected":false},"excerpt":{"rendered":"<p>O autoutilitar\u0103 a luat foc,<\/p>\n","protected":false},"author":1,"featured_media":0,"comment_status":"open","ping_status":"open","sticky":false,"template":"","format":"standard","meta":{"footnotes":""},"categories":[6],"tags":[],"class_list":["post-100633","post","type-post","status-publish","format-standard","hentry","category-breaking-news"],"_links":{"self":[{"href":"https:\/\/www.giurgiuveanul.ro\/stiri\/wp-json\/wp\/v2\/posts\/100633","targetHints":{"allow":["GET"]}}],"collection":[{"href":"https:\/\/www.giurgiuveanul.ro\/stiri\/wp-json\/wp\/v2\/posts"}],"about":[{"href":"https:\/\/www.giurgiuveanul.ro\/stiri\/wp-json\/wp\/v2\/types\/post"}],"author":[{"embeddable":true,"href":"https:\/\/www.giurgiuveanul.ro\/stiri\/wp-json\/wp\/v2\/users\/1"}],"replies":[{"embeddable":true,"href":"https:\/\/www.giurgiuveanul.ro\/stiri\/wp-json\/wp\/v2\/comments?post=100633"}],"version-history":[{"count":0,"href":"https:\/\/www.giurgiuveanul.ro\/stiri\/wp-json\/wp\/v2\/posts\/100633\/revisions"}],"wp:attachment":[{"href":"https:\/\/www.giurgiuveanul.ro\/stiri\/wp-json\/wp\/v2\/media?parent=100633"}],"wp:term":[{"taxonomy":"category","embeddable":true,"href":"https:\/\/www.giurgiuveanul.ro\/stiri\/wp-json\/wp\/v2\/categories?post=100633"},{"taxonomy":"post_tag","embeddable":true,"href":"https:\/\/www.giurgiuveanul.ro\/stiri\/wp-json\/wp\/v2\/tags?post=100633"}],"curies":[{"name":"wp","href":"https:\/\/api.w.org\/{rel}","templated":true}]}}