{"id":100644,"date":"2023-10-13T08:57:30","date_gmt":"2023-10-13T05:57:30","guid":{"rendered":"https:\/\/www.giurgiuveanul.ro\/stiri\/?p=100644"},"modified":"2023-10-13T09:11:36","modified_gmt":"2023-10-13T06:11:36","slug":"deputatul-marian-mina-liderul-social-democratilor-giurgiuveni-judetul-giurgiu-va-avea-doua-centre-de-colectare-legume-si-fructe","status":"publish","type":"post","link":"https:\/\/www.giurgiuveanul.ro\/stiri\/deputatul-marian-mina-liderul-social-democratilor-giurgiuveni-judetul-giurgiu-va-avea-doua-centre-de-colectare-legume-si-fructe\/","title":{"rendered":"Deputatul Marian Mina, liderul social-democra\u0163ilor giurgiuveni: \u201eJude\u0163ul Giurgiu va avea dou\u0103 centre de colectare legume \u015fi fructe\u201d"},"content":{"rendered":"<p style=\"text-align: justify;\"><strong><a href=\"https:\/\/www.giurgiuveanul.ro\/stiri\/wp-content\/uploads\/2023\/10\/387779493_762496929223012_6149894344774850179_n.jpg\"><img loading=\"lazy\" decoding=\"async\" class=\"aligncenter wp-image-100645\" src=\"https:\/\/www.giurgiuveanul.ro\/stiri\/wp-content\/uploads\/2023\/10\/387779493_762496929223012_6149894344774850179_n-535x450.jpg\" alt=\"\" width=\"584\" height=\"491\" srcset=\"https:\/\/www.giurgiuveanul.ro\/stiri\/wp-content\/uploads\/2023\/10\/387779493_762496929223012_6149894344774850179_n-535x450.jpg 535w, https:\/\/www.giurgiuveanul.ro\/stiri\/wp-content\/uploads\/2023\/10\/387779493_762496929223012_6149894344774850179_n-250x210.jpg 250w, https:\/\/www.giurgiuveanul.ro\/stiri\/wp-content\/uploads\/2023\/10\/387779493_762496929223012_6149894344774850179_n-768x646.jpg 768w, https:\/\/www.giurgiuveanul.ro\/stiri\/wp-content\/uploads\/2023\/10\/387779493_762496929223012_6149894344774850179_n-1536x1292.jpg 1536w, https:\/\/www.giurgiuveanul.ro\/stiri\/wp-content\/uploads\/2023\/10\/387779493_762496929223012_6149894344774850179_n-400x337.jpg 400w, https:\/\/www.giurgiuveanul.ro\/stiri\/wp-content\/uploads\/2023\/10\/387779493_762496929223012_6149894344774850179_n.jpg 1745w\" sizes=\"auto, (max-width: 584px) 100vw, 584px\" \/><\/a>Jude\u0163ul Giurgiu va avea dou\u0103 centre de colectare legume \u015fi fructe, unul la<!--more--> Comana \u015fi unul la V\u0103r\u0103\u015fti. Ieri, ministrul Agriculturii, Florin Barbu, a venit la Coliba\u015fi pentru a sta de vorb\u0103 cu fermierii din zon\u0103 \u015fi pentru a oferi detalii despre aceast\u0103 investi\u0163ie at\u00e2t de important\u0103 pentru agricultura giurgiuvean\u0103, a anun\u0163at pre\u015fedintele PSD Giurgiu, deputatul Marian Mina.<\/strong><\/p>\n<p><a href=\"https:\/\/www.giurgiuveanul.ro\/stiri\/wp-content\/uploads\/2023\/10\/387829507_762497009223004_4753789609035606808_n.jpg\"><img loading=\"lazy\" decoding=\"async\" class=\"aligncenter wp-image-100647\" src=\"https:\/\/www.giurgiuveanul.ro\/stiri\/wp-content\/uploads\/2023\/10\/387829507_762497009223004_4753789609035606808_n-560x373.jpg\" alt=\"\" width=\"572\" height=\"381\" srcset=\"https:\/\/www.giurgiuveanul.ro\/stiri\/wp-content\/uploads\/2023\/10\/387829507_762497009223004_4753789609035606808_n-560x373.jpg 560w, https:\/\/www.giurgiuveanul.ro\/stiri\/wp-content\/uploads\/2023\/10\/387829507_762497009223004_4753789609035606808_n-250x167.jpg 250w, https:\/\/www.giurgiuveanul.ro\/stiri\/wp-content\/uploads\/2023\/10\/387829507_762497009223004_4753789609035606808_n-768x512.jpg 768w, https:\/\/www.giurgiuveanul.ro\/stiri\/wp-content\/uploads\/2023\/10\/387829507_762497009223004_4753789609035606808_n-1536x1024.jpg 1536w, https:\/\/www.giurgiuveanul.ro\/stiri\/wp-content\/uploads\/2023\/10\/387829507_762497009223004_4753789609035606808_n-400x267.jpg 400w, https:\/\/www.giurgiuveanul.ro\/stiri\/wp-content\/uploads\/2023\/10\/387829507_762497009223004_4753789609035606808_n.jpg 2048w\" sizes=\"auto, (max-width: 572px) 100vw, 572px\" \/><\/a><\/p>\n<p style=\"text-align: justify;\"><em>\u201eCele dou\u0103 centre de colectare vor fi amenajate pe c\u00e2te 3.200 de metri p\u0103tra\u0163i, iar valoarea fiec\u0103ruia se ridic\u0103 la 4 milioane de euro, bani de la bugetul de stat. \u00cen toat\u0103 \u0163ara vor fi 15 astfel de obiective \u015fi au fost alese jude\u0163ele cu cel mai mare num\u0103r de cereri \u00een programul \u201eTomata\u201d, Giurgiu fiind pe locul 4 la nivel na\u0163ional\u201d,<\/em> a precizat <strong>deputatul Marian Mina<\/strong>.<\/p>\n<p><a href=\"https:\/\/www.giurgiuveanul.ro\/stiri\/wp-content\/uploads\/2023\/10\/387839536_762496915889680_3047504659429840867_n.jpg\"><img loading=\"lazy\" decoding=\"async\" class=\"aligncenter wp-image-100649\" src=\"https:\/\/www.giurgiuveanul.ro\/stiri\/wp-content\/uploads\/2023\/10\/387839536_762496915889680_3047504659429840867_n-560x345.jpg\" alt=\"\" width=\"567\" height=\"349\" srcset=\"https:\/\/www.giurgiuveanul.ro\/stiri\/wp-content\/uploads\/2023\/10\/387839536_762496915889680_3047504659429840867_n-560x345.jpg 560w, https:\/\/www.giurgiuveanul.ro\/stiri\/wp-content\/uploads\/2023\/10\/387839536_762496915889680_3047504659429840867_n-250x154.jpg 250w, https:\/\/www.giurgiuveanul.ro\/stiri\/wp-content\/uploads\/2023\/10\/387839536_762496915889680_3047504659429840867_n-768x473.jpg 768w, https:\/\/www.giurgiuveanul.ro\/stiri\/wp-content\/uploads\/2023\/10\/387839536_762496915889680_3047504659429840867_n-1536x946.jpg 1536w, https:\/\/www.giurgiuveanul.ro\/stiri\/wp-content\/uploads\/2023\/10\/387839536_762496915889680_3047504659429840867_n-400x246.jpg 400w, https:\/\/www.giurgiuveanul.ro\/stiri\/wp-content\/uploads\/2023\/10\/387839536_762496915889680_3047504659429840867_n.jpg 1988w\" sizes=\"auto, (max-width: 567px) 100vw, 567px\" \/><\/a><\/p>\n<p style=\"text-align: justify;\">Al\u0103turi de <strong>deputatul Marian Mina \u015fi ministrul Florin Barbu<\/strong> s-au aflat <strong>deputat Cristina-Elena Dinu<\/strong>, primarul comunei Coliba\u015fi, <strong>Constantin Stoica<\/strong>, \u015fi al\u0163i primari de comune din jude\u0163ul Giurgiu.<\/p>\n<p style=\"text-align: justify;\"><strong>Centrele vor fi realizate printr-un acord \u00eencheiat \u00eentre \u201eCasa Unirea\u201d, Ministerul Agriculturii \u015fi unit\u0103\u0163ile administrativ-teritoriale unde vor fi amenajate acestea.<\/strong><\/p>\n<p style=\"text-align: justify;\"><em>\u201eDup\u0103 ce vor fi gata, centrele de colectare legume \u015fi fructe vor fi date \u00een loca\u0163ie de gestiune, pe o perioad\u0103 de 49 de ani, agricultorilor care cultiv\u0103 at\u00e2t \u00een spa\u0163ii protejate, c\u00e2t \u015fi \u00een c\u00e2mp \u015fi fac parte din cooperative\u201d<\/em>, a mai spus liderul PSD Giurgiu.<\/p>\n","protected":false},"excerpt":{"rendered":"<p>Jude\u0163ul Giurgiu va avea dou\u0103 centre de colectare legume \u015fi fructe, unul la<\/p>\n","protected":false},"author":1,"featured_media":0,"comment_status":"open","ping_status":"open","sticky":false,"template":"","format":"standard","meta":{"footnotes":""},"categories":[6],"tags":[],"class_list":["post-100644","post","type-post","status-publish","format-standard","hentry","category-breaking-news"],"_links":{"self":[{"href":"https:\/\/www.giurgiuveanul.ro\/stiri\/wp-json\/wp\/v2\/posts\/100644","targetHints":{"allow":["GET"]}}],"collection":[{"href":"https:\/\/www.giurgiuveanul.ro\/stiri\/wp-json\/wp\/v2\/posts"}],"about":[{"href":"https:\/\/www.giurgiuveanul.ro\/stiri\/wp-json\/wp\/v2\/types\/post"}],"author":[{"embeddable":true,"href":"https:\/\/www.giurgiuveanul.ro\/stiri\/wp-json\/wp\/v2\/users\/1"}],"replies":[{"embeddable":true,"href":"https:\/\/www.giurgiuveanul.ro\/stiri\/wp-json\/wp\/v2\/comments?post=100644"}],"version-history":[{"count":0,"href":"https:\/\/www.giurgiuveanul.ro\/stiri\/wp-json\/wp\/v2\/posts\/100644\/revisions"}],"wp:attachment":[{"href":"https:\/\/www.giurgiuveanul.ro\/stiri\/wp-json\/wp\/v2\/media?parent=100644"}],"wp:term":[{"taxonomy":"category","embeddable":true,"href":"https:\/\/www.giurgiuveanul.ro\/stiri\/wp-json\/wp\/v2\/categories?post=100644"},{"taxonomy":"post_tag","embeddable":true,"href":"https:\/\/www.giurgiuveanul.ro\/stiri\/wp-json\/wp\/v2\/tags?post=100644"}],"curies":[{"name":"wp","href":"https:\/\/api.w.org\/{rel}","templated":true}]}}