{"id":100668,"date":"2023-10-14T13:28:02","date_gmt":"2023-10-14T10:28:02","guid":{"rendered":"https:\/\/www.giurgiuveanul.ro\/stiri\/?p=100668"},"modified":"2023-10-14T13:28:02","modified_gmt":"2023-10-14T10:28:02","slug":"in-aceasta-dimineata-accident-rutier-soldat-cu-o-victima","status":"publish","type":"post","link":"https:\/\/www.giurgiuveanul.ro\/stiri\/in-aceasta-dimineata-accident-rutier-soldat-cu-o-victima\/","title":{"rendered":"\u00cen aceast\u0103 diminea\u0163\u0103, ACCIDENT RUTIER soldat cu o victim\u0103"},"content":{"rendered":"<p style=\"text-align: justify;\"><strong><a href=\"https:\/\/www.giurgiuveanul.ro\/stiri\/wp-content\/uploads\/2023\/10\/00-accident-azi-2.jpeg\"><img loading=\"lazy\" decoding=\"async\" class=\"aligncenter  wp-image-100669\" src=\"https:\/\/www.giurgiuveanul.ro\/stiri\/wp-content\/uploads\/2023\/10\/00-accident-azi-2-560x383.jpeg\" alt=\"\" width=\"573\" height=\"392\" srcset=\"https:\/\/www.giurgiuveanul.ro\/stiri\/wp-content\/uploads\/2023\/10\/00-accident-azi-2-560x383.jpeg 560w, https:\/\/www.giurgiuveanul.ro\/stiri\/wp-content\/uploads\/2023\/10\/00-accident-azi-2-250x171.jpeg 250w, https:\/\/www.giurgiuveanul.ro\/stiri\/wp-content\/uploads\/2023\/10\/00-accident-azi-2-768x525.jpeg 768w, https:\/\/www.giurgiuveanul.ro\/stiri\/wp-content\/uploads\/2023\/10\/00-accident-azi-2-1536x1050.jpeg 1536w, https:\/\/www.giurgiuveanul.ro\/stiri\/wp-content\/uploads\/2023\/10\/00-accident-azi-2-400x273.jpeg 400w, https:\/\/www.giurgiuveanul.ro\/stiri\/wp-content\/uploads\/2023\/10\/00-accident-azi-2.jpeg 1693w\" sizes=\"auto, (max-width: 573px) 100vw, 573px\" \/><\/a>Un b\u0103rbat, \u00een v\u00e2rst\u0103 de<!--more--> 46 ani, a avut nevoie de \u00eengrijiri medicale, \u00een urma unui accident rutier ce s-a produs, \u00een aceast\u0103 diminea\u021b\u0103, pe DN5A, \u00een apropierea localit\u0103\u021bii Hotarele. \u00cen eveniment au fost implicate un autocar \u0219i un autoturism, informeaz\u0103 ISU Giurgiu.<\/strong><\/p>\n<p style=\"text-align: justify;\"><a href=\"https:\/\/www.giurgiuveanul.ro\/stiri\/wp-content\/uploads\/2023\/10\/00-accident-azi.jpeg\"><img loading=\"lazy\" decoding=\"async\" class=\"aligncenter  wp-image-100670\" src=\"https:\/\/www.giurgiuveanul.ro\/stiri\/wp-content\/uploads\/2023\/10\/00-accident-azi-560x405.jpeg\" alt=\"\" width=\"571\" height=\"413\" srcset=\"https:\/\/www.giurgiuveanul.ro\/stiri\/wp-content\/uploads\/2023\/10\/00-accident-azi-560x405.jpeg 560w, https:\/\/www.giurgiuveanul.ro\/stiri\/wp-content\/uploads\/2023\/10\/00-accident-azi-250x181.jpeg 250w, https:\/\/www.giurgiuveanul.ro\/stiri\/wp-content\/uploads\/2023\/10\/00-accident-azi-768x556.jpeg 768w, https:\/\/www.giurgiuveanul.ro\/stiri\/wp-content\/uploads\/2023\/10\/00-accident-azi-400x289.jpeg 400w, https:\/\/www.giurgiuveanul.ro\/stiri\/wp-content\/uploads\/2023\/10\/00-accident-azi.jpeg 1494w\" sizes=\"auto, (max-width: 571px) 100vw, 571px\" \/><\/a><\/p>\n<p style=\"text-align: justify;\">La fa\u021ba locului s-au deplasat pompierii din cadrul Punctului de Lucru Greaca \u0219i Sta\u021biei Coliba\u0219i, cu o autospecial\u0103 de stingere, un echipaj SMURD \u0219i o ambulan\u021b\u0103 SAJ.<\/p>\n<p style=\"text-align: justify;\">\n<p style=\"text-align: justify;\">Echipajele au constatat faptul c\u0103 cele \u0219apte persoane din autocar nu au fost r\u0103nite. B\u0103rbatul din autoturism era con\u0219tient \u0219i cooperant. Acesta a fost preluat de ambulan\u021ba SMURD \u0219i transportat la spital.<\/p>\n<p style=\"text-align: justify;\">\n<p style=\"text-align: justify;\">Pompierii au asigurat m\u0103surile de prevenire a incendiilor prin deconectarea bornelor de la bateria autoturismului.<\/p>\n<p style=\"text-align: justify;\">\n<p style=\"text-align: justify;\">Cazul a r\u0103mas \u00een aten\u021bia Poli\u021biei pentru cercet\u0103ri.<\/p>\n","protected":false},"excerpt":{"rendered":"<p>Un b\u0103rbat, \u00een v\u00e2rst\u0103 de<\/p>\n","protected":false},"author":1,"featured_media":0,"comment_status":"open","ping_status":"open","sticky":false,"template":"","format":"standard","meta":{"footnotes":""},"categories":[6],"tags":[],"class_list":["post-100668","post","type-post","status-publish","format-standard","hentry","category-breaking-news"],"_links":{"self":[{"href":"https:\/\/www.giurgiuveanul.ro\/stiri\/wp-json\/wp\/v2\/posts\/100668","targetHints":{"allow":["GET"]}}],"collection":[{"href":"https:\/\/www.giurgiuveanul.ro\/stiri\/wp-json\/wp\/v2\/posts"}],"about":[{"href":"https:\/\/www.giurgiuveanul.ro\/stiri\/wp-json\/wp\/v2\/types\/post"}],"author":[{"embeddable":true,"href":"https:\/\/www.giurgiuveanul.ro\/stiri\/wp-json\/wp\/v2\/users\/1"}],"replies":[{"embeddable":true,"href":"https:\/\/www.giurgiuveanul.ro\/stiri\/wp-json\/wp\/v2\/comments?post=100668"}],"version-history":[{"count":0,"href":"https:\/\/www.giurgiuveanul.ro\/stiri\/wp-json\/wp\/v2\/posts\/100668\/revisions"}],"wp:attachment":[{"href":"https:\/\/www.giurgiuveanul.ro\/stiri\/wp-json\/wp\/v2\/media?parent=100668"}],"wp:term":[{"taxonomy":"category","embeddable":true,"href":"https:\/\/www.giurgiuveanul.ro\/stiri\/wp-json\/wp\/v2\/categories?post=100668"},{"taxonomy":"post_tag","embeddable":true,"href":"https:\/\/www.giurgiuveanul.ro\/stiri\/wp-json\/wp\/v2\/tags?post=100668"}],"curies":[{"name":"wp","href":"https:\/\/api.w.org\/{rel}","templated":true}]}}