{"id":100672,"date":"2023-10-14T15:40:28","date_gmt":"2023-10-14T12:40:28","guid":{"rendered":"https:\/\/www.giurgiuveanul.ro\/stiri\/?p=100672"},"modified":"2023-10-14T15:51:18","modified_gmt":"2023-10-14T12:51:18","slug":"s-a-stins-din-viata-andrei-mario-avea-doar-22-de-ani","status":"publish","type":"post","link":"https:\/\/www.giurgiuveanul.ro\/stiri\/s-a-stins-din-viata-andrei-mario-avea-doar-22-de-ani\/","title":{"rendered":"S-a stins din via\u0163\u0103 Andrei Mario&#8230; Avea doar 22 de ani&#8230;"},"content":{"rendered":"<p style=\"text-align: justify;\"><a href=\"https:\/\/www.giurgiuveanul.ro\/stiri\/wp-content\/uploads\/2023\/10\/andrei-mario-arcus-3.jpg\"><img loading=\"lazy\" decoding=\"async\" class=\"aligncenter wp-image-100673\" src=\"https:\/\/www.giurgiuveanul.ro\/stiri\/wp-content\/uploads\/2023\/10\/andrei-mario-arcus-3-560x396.jpg\" alt=\"\" width=\"578\" height=\"409\" srcset=\"https:\/\/www.giurgiuveanul.ro\/stiri\/wp-content\/uploads\/2023\/10\/andrei-mario-arcus-3-560x396.jpg 560w, https:\/\/www.giurgiuveanul.ro\/stiri\/wp-content\/uploads\/2023\/10\/andrei-mario-arcus-3-250x177.jpg 250w, https:\/\/www.giurgiuveanul.ro\/stiri\/wp-content\/uploads\/2023\/10\/andrei-mario-arcus-3-768x543.jpg 768w, https:\/\/www.giurgiuveanul.ro\/stiri\/wp-content\/uploads\/2023\/10\/andrei-mario-arcus-3-1536x1086.jpg 1536w, https:\/\/www.giurgiuveanul.ro\/stiri\/wp-content\/uploads\/2023\/10\/andrei-mario-arcus-3-400x283.jpg 400w, https:\/\/www.giurgiuveanul.ro\/stiri\/wp-content\/uploads\/2023\/10\/andrei-mario-arcus-3.jpg 2000w\" sizes=\"auto, (max-width: 578px) 100vw, 578px\" \/><\/a>Cuvintele sunt prea s\u0103race<!--more--> pentru a ne exprima triste\u0163ea, la aflarea cumplitei ve\u015fti&#8230; Un suflet minunat, plin de bun\u0103tate \u015fi dragoste,<strong> Andrei Mario,<\/strong> a plecat fulger\u0103tor, pentru totdeauna, pe drumul f\u0103r\u0103 \u00eentoarcere, <em>la doar 22 de ani<\/em>, l\u0103s\u00e2nd \u00een urm\u0103 mult\u0103 durere \u015fi suflete nem\u00e2ng\u00e2iate&#8230;<\/p>\n<p style=\"text-align: justify;\">Pentru <strong>Andrei Mario<\/strong> acest moment a venit mult prea devreme. Dumnezeu s\u0103-i dea odihn\u0103 ve\u015fnic\u0103, iar celor dragi lui putere s\u0103 dep\u0103\u015feasc\u0103 aceast\u0103 grea \u00eencercare!<\/p>\n<p style=\"text-align: justify;\"><strong>Trupul ne\u00eensufle\u0163it a fost depus la Capela Bisericii \u201eSfin\u0163ii Martiri Br\u00e2ncoveni\u201d,<\/strong> din cartierul Tineretului, a\u015fadar cei care vor s\u0103-\u015fi ia r\u0103mas bun \u015fi s\u0103-i aduc\u0103 un ultim omagiu o pot face p\u00e2n\u0103 <strong>duminic\u0103, 15 octombrie, la ora 12:00, c\u00e2nd va avea loc slujba \u00eenmorm\u00e2nt\u0103rii, iar apoi va fi condus pe ultimul drum<\/strong>.<\/p>\n<p style=\"text-align: justify;\"><em>S\u0103-i fie somnul lin \u015fi \u00eengerii aproape.<\/em><\/p>\n<p>&nbsp;<\/p>\n<p><strong>Necrolog &#8211; Mario <\/strong><\/p>\n<p>&nbsp;<\/p>\n<p>\u0218i Orologiul pl\u00e2nge ora zece&#8230;<\/p>\n<p>\u0218i via\u021ba pleac\u0103 \u00eenspre z\u0103ri-<\/p>\n<p>cor\u0103bii \u00eenghi\u021bite-n m\u0103ri.<\/p>\n<p>Tu e\u0219ti prea t\u00e2n\u0103r, nu e\u0219ti copt!<\/p>\n<p>&nbsp;<\/p>\n<p>Copil al lumii, cu rost bun,<\/p>\n<p>Iubirea \u021bi-a z\u00e2mbit \u00een gene.<\/p>\n<p>Fulger\u0103tor, oprit din drum,<\/p>\n<p>De-al mor\u021bii r\u00e2set, cerul geme.<\/p>\n<p>&nbsp;<\/p>\n<p>Copil, r\u0103pus cam timpuriu,<\/p>\n<p>Om drag! Asa-i de mare tain\u0103!<\/p>\n<p>Cu ochii vii, cu chip blajin,<\/p>\n<p>De azi \u00eembraci a mor\u021bii hain\u0103.<\/p>\n<p>&nbsp;<\/p>\n<p>Dreptatea nu-i pentru P\u0103m\u00e2nt,<\/p>\n<p>Omul e doar o r\u0103suflare.<\/p>\n<p>Te du la ceruri, suflet bl\u00e2nd,<\/p>\n<p>S\u0103 stai cu \u00eengerii-n Altare!<\/p>\n<p>&nbsp;<\/p>\n<p><em>Maria Ecaterina Mih\u0103escu<\/em><\/p>\n","protected":false},"excerpt":{"rendered":"<p>Cuvintele sunt prea s\u0103race<\/p>\n","protected":false},"author":1,"featured_media":0,"comment_status":"open","ping_status":"open","sticky":false,"template":"","format":"standard","meta":{"footnotes":""},"categories":[22],"tags":[],"class_list":["post-100672","post","type-post","status-publish","format-standard","hentry","category-deces"],"_links":{"self":[{"href":"https:\/\/www.giurgiuveanul.ro\/stiri\/wp-json\/wp\/v2\/posts\/100672","targetHints":{"allow":["GET"]}}],"collection":[{"href":"https:\/\/www.giurgiuveanul.ro\/stiri\/wp-json\/wp\/v2\/posts"}],"about":[{"href":"https:\/\/www.giurgiuveanul.ro\/stiri\/wp-json\/wp\/v2\/types\/post"}],"author":[{"embeddable":true,"href":"https:\/\/www.giurgiuveanul.ro\/stiri\/wp-json\/wp\/v2\/users\/1"}],"replies":[{"embeddable":true,"href":"https:\/\/www.giurgiuveanul.ro\/stiri\/wp-json\/wp\/v2\/comments?post=100672"}],"version-history":[{"count":0,"href":"https:\/\/www.giurgiuveanul.ro\/stiri\/wp-json\/wp\/v2\/posts\/100672\/revisions"}],"wp:attachment":[{"href":"https:\/\/www.giurgiuveanul.ro\/stiri\/wp-json\/wp\/v2\/media?parent=100672"}],"wp:term":[{"taxonomy":"category","embeddable":true,"href":"https:\/\/www.giurgiuveanul.ro\/stiri\/wp-json\/wp\/v2\/categories?post=100672"},{"taxonomy":"post_tag","embeddable":true,"href":"https:\/\/www.giurgiuveanul.ro\/stiri\/wp-json\/wp\/v2\/tags?post=100672"}],"curies":[{"name":"wp","href":"https:\/\/api.w.org\/{rel}","templated":true}]}}