{"id":100689,"date":"2023-10-16T09:23:45","date_gmt":"2023-10-16T06:23:45","guid":{"rendered":"https:\/\/www.giurgiuveanul.ro\/stiri\/?p=100689"},"modified":"2023-10-17T09:08:08","modified_gmt":"2023-10-17T06:08:08","slug":"centrul-de-dezvoltate-personala-cristina-chita-la-dispozitia-dumneavoastra","status":"publish","type":"post","link":"https:\/\/www.giurgiuveanul.ro\/stiri\/centrul-de-dezvoltate-personala-cristina-chita-la-dispozitia-dumneavoastra\/","title":{"rendered":"Centrul de dezvoltate personal\u0103 Cristina Chita, la dispozi\u0163ia dumneavoastr\u0103!"},"content":{"rendered":"<p style=\"text-align: justify;\"><strong><em><a href=\"https:\/\/www.giurgiuveanul.ro\/stiri\/wp-content\/uploads\/2023\/10\/0.jpeg\"><img loading=\"lazy\" decoding=\"async\" class=\"aligncenter wp-image-100690\" src=\"https:\/\/www.giurgiuveanul.ro\/stiri\/wp-content\/uploads\/2023\/10\/0-509x450.jpeg\" alt=\"\" width=\"574\" height=\"507\" srcset=\"https:\/\/www.giurgiuveanul.ro\/stiri\/wp-content\/uploads\/2023\/10\/0-509x450.jpeg 509w, https:\/\/www.giurgiuveanul.ro\/stiri\/wp-content\/uploads\/2023\/10\/0-250x221.jpeg 250w, https:\/\/www.giurgiuveanul.ro\/stiri\/wp-content\/uploads\/2023\/10\/0-768x680.jpeg 768w, https:\/\/www.giurgiuveanul.ro\/stiri\/wp-content\/uploads\/2023\/10\/0-400x354.jpeg 400w, https:\/\/www.giurgiuveanul.ro\/stiri\/wp-content\/uploads\/2023\/10\/0.jpeg 1536w\" sizes=\"auto, (max-width: 574px) 100vw, 574px\" \/><\/a>\u201cAcest centru este o oportunitate de a<!--more--> trezi c\u00e2t mai multor persoane orientarea c\u0103tre educa\u021bie si dezvoltare personal\u0103. Mi-am propus s\u0103 schimb perspectiva asupra acestui ora\u0219 \u0219i s\u0103 le ofer oamenilor, \u0219i mai ales copiilor, posibilitatea de a se cunoa\u0219te mai bine, de a avea acces la tot poten\u021bialul pe care \u00eel au, de cele mai multe ori, undeva pierdut \u00een ei. Am citit \u00eentr-o carte un pasaj care m-a marcat pentru totdeauna: cu c\u00e2t zbori mai sus, cu at\u00e2t vezi mai departe! Asta trebuie s\u0103 facem \u0219i noi\u201d<\/em><\/strong>, spune <strong>psiholog Cristina Chita<\/strong>.<\/p>\n<p><a href=\"https:\/\/www.giurgiuveanul.ro\/stiri\/wp-content\/uploads\/2023\/10\/1-4.jpg\"><img loading=\"lazy\" decoding=\"async\" class=\"aligncenter wp-image-100694\" src=\"https:\/\/www.giurgiuveanul.ro\/stiri\/wp-content\/uploads\/2023\/10\/1-4-560x407.jpg\" alt=\"\" width=\"571\" height=\"415\" srcset=\"https:\/\/www.giurgiuveanul.ro\/stiri\/wp-content\/uploads\/2023\/10\/1-4-560x407.jpg 560w, https:\/\/www.giurgiuveanul.ro\/stiri\/wp-content\/uploads\/2023\/10\/1-4-250x182.jpg 250w, https:\/\/www.giurgiuveanul.ro\/stiri\/wp-content\/uploads\/2023\/10\/1-4-768x558.jpg 768w, https:\/\/www.giurgiuveanul.ro\/stiri\/wp-content\/uploads\/2023\/10\/1-4-1536x1116.jpg 1536w, https:\/\/www.giurgiuveanul.ro\/stiri\/wp-content\/uploads\/2023\/10\/1-4-400x291.jpg 400w, https:\/\/www.giurgiuveanul.ro\/stiri\/wp-content\/uploads\/2023\/10\/1-4.jpg 2048w\" sizes=\"auto, (max-width: 571px) 100vw, 571px\" \/><\/a> <a href=\"https:\/\/www.giurgiuveanul.ro\/stiri\/wp-content\/uploads\/2023\/10\/2-4.jpg\"><img loading=\"lazy\" decoding=\"async\" class=\"aligncenter wp-image-100695\" src=\"https:\/\/www.giurgiuveanul.ro\/stiri\/wp-content\/uploads\/2023\/10\/2-4-560x348.jpg\" alt=\"\" width=\"571\" height=\"355\" srcset=\"https:\/\/www.giurgiuveanul.ro\/stiri\/wp-content\/uploads\/2023\/10\/2-4-560x348.jpg 560w, https:\/\/www.giurgiuveanul.ro\/stiri\/wp-content\/uploads\/2023\/10\/2-4-250x156.jpg 250w, https:\/\/www.giurgiuveanul.ro\/stiri\/wp-content\/uploads\/2023\/10\/2-4-768x478.jpg 768w, https:\/\/www.giurgiuveanul.ro\/stiri\/wp-content\/uploads\/2023\/10\/2-4-1536x956.jpg 1536w, https:\/\/www.giurgiuveanul.ro\/stiri\/wp-content\/uploads\/2023\/10\/2-4-400x249.jpg 400w, https:\/\/www.giurgiuveanul.ro\/stiri\/wp-content\/uploads\/2023\/10\/2-4.jpg 2048w\" sizes=\"auto, (max-width: 571px) 100vw, 571px\" \/><\/a> <a href=\"https:\/\/www.giurgiuveanul.ro\/stiri\/wp-content\/uploads\/2023\/10\/3-5.jpg\"><img loading=\"lazy\" decoding=\"async\" class=\"aligncenter wp-image-100696\" src=\"https:\/\/www.giurgiuveanul.ro\/stiri\/wp-content\/uploads\/2023\/10\/3-5-560x388.jpg\" alt=\"\" width=\"569\" height=\"394\" srcset=\"https:\/\/www.giurgiuveanul.ro\/stiri\/wp-content\/uploads\/2023\/10\/3-5-560x388.jpg 560w, https:\/\/www.giurgiuveanul.ro\/stiri\/wp-content\/uploads\/2023\/10\/3-5-250x173.jpg 250w, https:\/\/www.giurgiuveanul.ro\/stiri\/wp-content\/uploads\/2023\/10\/3-5-768x533.jpg 768w, https:\/\/www.giurgiuveanul.ro\/stiri\/wp-content\/uploads\/2023\/10\/3-5-1536x1065.jpg 1536w, https:\/\/www.giurgiuveanul.ro\/stiri\/wp-content\/uploads\/2023\/10\/3-5-400x277.jpg 400w, https:\/\/www.giurgiuveanul.ro\/stiri\/wp-content\/uploads\/2023\/10\/3-5.jpg 2048w\" sizes=\"auto, (max-width: 569px) 100vw, 569px\" \/><\/a><\/p>\n<p style=\"text-align: justify;\"><strong>\u00a0<\/strong><\/p>\n<p style=\"text-align: justify;\"><strong>Centrul ofer\u0103 urm\u0103toarele servicii:<\/strong><\/p>\n<p style=\"text-align: justify;\"><strong>\u00a0<\/strong><\/p>\n<ul style=\"text-align: justify;\">\n<li><strong> Logopedie &#8211; logoped M\u0103d\u0103lina C\u0103im\u0103canu, telefon 0765.241.307<\/strong><\/li>\n<\/ul>\n<p style=\"text-align: justify;\"><strong>\u00a0<\/strong><\/p>\n<p style=\"text-align: justify;\"><em>\u201cComunicarea clar\u0103 \u0219i pronun\u021bia corect\u0103 sunt aspecte esen\u021biale ale dezvolt\u0103rii copiilor \u0219i ale vie\u021bii lor ulterioare. Abilit\u0103\u021bile de comunicare pot influen\u021ba rela\u021biile interpersonale, succesul academic \u0219i profesional, precum \u0219i stima de sine \u0219i \u00eencrederea \u00een sine a unui copil. De asemenea, capacitatea de a articula cu precizie sunetele \u0219i cuvintele poate avea un impact semnificativ asupra procesului de \u00eenv\u0103\u021bare a cititului \u0219i scrisului. Copiii cu dificult\u0103\u021bi de limbaj pot fi dezavantaja\u021bi \u00een multe moduri. Ei pot avea dificult\u0103\u021bi \u00een rela\u021bionarea cu al\u021bi copii \u0219i adul\u021bi, \u00een a urma instruc\u021biunile \u0219i \u00een a se exprima \u00eentr-un mod clar \u0219i coerent, ceea ce poate duce la frustrare \u0219i disconfort\u201d.<\/em><\/p>\n<p style=\"text-align: justify;\"><em>\u00a0<\/em><\/p>\n<ul style=\"text-align: justify;\">\n<li><strong> Consiliere psihologic\u0103 &#8211; psiholog clinician \u0219i psihoterapeut \u00een formare Cristina Chita, telefon 0799.512.026.<\/strong><\/li>\n<\/ul>\n<p style=\"text-align: justify;\"><strong>\u00a0<\/strong><\/p>\n<p style=\"text-align: justify;\"><strong>Cursuri de dezvoltare personal\u0103 pentru copii \u0219i adolescen\u021bi<\/strong><\/p>\n<p style=\"text-align: justify;\"><strong>\u00a0<\/strong><\/p>\n<p style=\"text-align: justify;\">Cursurile pentru copii \u00eembun\u0103t\u0103\u021besc rela\u021biile sociale, stima \u0219i respectul de sine \u0219i uneori vin la pachet cu \u00eembun\u0103t\u0103\u021birea performan\u021belor \u0219colare, acestea fiind \u00een str\u00e2ns\u0103 leg\u0103tur\u0103 cu dezvoltarea psiho-emo\u021bional\u0103. C\u00e2nd vorbim despre cursuri pentru adolescen\u021bi, lucrurile devin foarte serioase. Adolescen\u021ba este o perioad\u0103 extrem de vulnerabil\u0103 care se poate transforma \u00eentr-un start gre\u0219it, a\u0219a c\u0103 avem grija c\u0103 \u00een cadrul \u00eent\u00e2lnirilor s\u0103 le oferim adolescen\u021bilor posibilitatea de a \u00een\u021belege concret ce se \u00eent\u00e2mpl\u0103 \u00een creier \u00een diverse situa\u021bii \u0219i cum pot alege corect dar nu numai asta.<\/p>\n<p style=\"text-align: justify;\"><em>\u201eMi-a\u0219 dori foarte mult ca oamenii s\u0103 \u00een\u021beleag\u0103 c\u0103 atunci c\u00e2nd investe\u0219ti \u00een educa\u021bia \u0219i dezvoltarea ta sau a copiilor t\u0103i, investe\u0219ti \u00eentr-o via\u021b\u0103 mai bun\u0103, pentru c\u0103 atunci c\u00e2nd nu e\u0219ti bine cu tine, nu po\u021bi fi nici cu ceilal\u021bi\u201d<\/em> &#8211; a precizat<strong> psiholog clinician \u0219i psihoterapeut \u00een formare Cristina Chita.<\/strong><\/p>\n<p style=\"text-align: justify;\"><strong>Detalii \u015fi pe pagina de Facebook <a href=\"https:\/\/www.facebook.com\/profile.php?id=100083469843885\">https:\/\/www.facebook.com\/profile.php?id=100083469843885<\/a>.<\/strong><\/p>\n","protected":false},"excerpt":{"rendered":"<p>\u201cAcest centru este o oportunitate de a<\/p>\n","protected":false},"author":1,"featured_media":0,"comment_status":"open","ping_status":"open","sticky":false,"template":"","format":"standard","meta":{"footnotes":""},"categories":[6],"tags":[],"class_list":["post-100689","post","type-post","status-publish","format-standard","hentry","category-breaking-news"],"_links":{"self":[{"href":"https:\/\/www.giurgiuveanul.ro\/stiri\/wp-json\/wp\/v2\/posts\/100689","targetHints":{"allow":["GET"]}}],"collection":[{"href":"https:\/\/www.giurgiuveanul.ro\/stiri\/wp-json\/wp\/v2\/posts"}],"about":[{"href":"https:\/\/www.giurgiuveanul.ro\/stiri\/wp-json\/wp\/v2\/types\/post"}],"author":[{"embeddable":true,"href":"https:\/\/www.giurgiuveanul.ro\/stiri\/wp-json\/wp\/v2\/users\/1"}],"replies":[{"embeddable":true,"href":"https:\/\/www.giurgiuveanul.ro\/stiri\/wp-json\/wp\/v2\/comments?post=100689"}],"version-history":[{"count":0,"href":"https:\/\/www.giurgiuveanul.ro\/stiri\/wp-json\/wp\/v2\/posts\/100689\/revisions"}],"wp:attachment":[{"href":"https:\/\/www.giurgiuveanul.ro\/stiri\/wp-json\/wp\/v2\/media?parent=100689"}],"wp:term":[{"taxonomy":"category","embeddable":true,"href":"https:\/\/www.giurgiuveanul.ro\/stiri\/wp-json\/wp\/v2\/categories?post=100689"},{"taxonomy":"post_tag","embeddable":true,"href":"https:\/\/www.giurgiuveanul.ro\/stiri\/wp-json\/wp\/v2\/tags?post=100689"}],"curies":[{"name":"wp","href":"https:\/\/api.w.org\/{rel}","templated":true}]}}