{"id":100712,"date":"2023-10-16T12:54:50","date_gmt":"2023-10-16T09:54:50","guid":{"rendered":"https:\/\/www.giurgiuveanul.ro\/stiri\/?p=100712"},"modified":"2023-10-16T12:56:56","modified_gmt":"2023-10-16T09:56:56","slug":"scoala-altfel-elevi-seminaristi-giurgiuveni-in-pelerinaj-la-nou-infiintata-manastire-acoperamantul-maicii-domnului-din-bolintin-vale","status":"publish","type":"post","link":"https:\/\/www.giurgiuveanul.ro\/stiri\/scoala-altfel-elevi-seminaristi-giurgiuveni-in-pelerinaj-la-nou-infiintata-manastire-acoperamantul-maicii-domnului-din-bolintin-vale\/","title":{"rendered":"\u201e\u015ecoala Altfel\u201d. Elevi seminari\u015fti giurgiuveni, \u00een pelerinaj la nou-\u00eenfiin\u021bata M\u0103n\u0103stire \u201eAcoper\u0103m\u00e2ntul Maicii Domnului\u201d, din Bolintin Vale"},"content":{"rendered":"<p style=\"text-align: justify;\"><a href=\"https:\/\/www.giurgiuveanul.ro\/stiri\/wp-content\/uploads\/2023\/10\/1-5.jpg\"><img loading=\"lazy\" decoding=\"async\" class=\"aligncenter wp-image-100713\" src=\"https:\/\/www.giurgiuveanul.ro\/stiri\/wp-content\/uploads\/2023\/10\/1-5-488x450.jpg\" alt=\"\" width=\"574\" height=\"530\" srcset=\"https:\/\/www.giurgiuveanul.ro\/stiri\/wp-content\/uploads\/2023\/10\/1-5-488x450.jpg 488w, https:\/\/www.giurgiuveanul.ro\/stiri\/wp-content\/uploads\/2023\/10\/1-5-250x231.jpg 250w, https:\/\/www.giurgiuveanul.ro\/stiri\/wp-content\/uploads\/2023\/10\/1-5-768x708.jpg 768w, https:\/\/www.giurgiuveanul.ro\/stiri\/wp-content\/uploads\/2023\/10\/1-5-1536x1417.jpg 1536w, https:\/\/www.giurgiuveanul.ro\/stiri\/wp-content\/uploads\/2023\/10\/1-5-400x369.jpg 400w, https:\/\/www.giurgiuveanul.ro\/stiri\/wp-content\/uploads\/2023\/10\/1-5.jpg 1700w\" sizes=\"auto, (max-width: 574px) 100vw, 574px\" \/><\/a>\u00cen cadrul s\u0103pt\u0103m\u00e2nii \u201e\u0218coala Altfel\u201d, ast\u0103zi, luni, 16 octombrie,<!--more--> elevi din cadrul Seminarului Teologic \u201eTeoctist Patriarhul\u201d din Giurgiu, \u00eenso\u021bi\u021bi de cadrele didactice, au fost \u00een pelerinaj la nou-\u00eenfiin\u021bata M\u0103n\u0103stire \u201eAcoper\u0103m\u00e2ntul Maicii Domnului\u201d, din Bolintin Vale.<\/p>\n<p><a href=\"https:\/\/www.giurgiuveanul.ro\/stiri\/wp-content\/uploads\/2023\/10\/2-5.jpg\"><img loading=\"lazy\" decoding=\"async\" class=\"aligncenter wp-image-100717\" src=\"https:\/\/www.giurgiuveanul.ro\/stiri\/wp-content\/uploads\/2023\/10\/2-5-560x371.jpg\" alt=\"\" width=\"574\" height=\"380\" srcset=\"https:\/\/www.giurgiuveanul.ro\/stiri\/wp-content\/uploads\/2023\/10\/2-5-560x371.jpg 560w, https:\/\/www.giurgiuveanul.ro\/stiri\/wp-content\/uploads\/2023\/10\/2-5-250x166.jpg 250w, https:\/\/www.giurgiuveanul.ro\/stiri\/wp-content\/uploads\/2023\/10\/2-5-768x509.jpg 768w, https:\/\/www.giurgiuveanul.ro\/stiri\/wp-content\/uploads\/2023\/10\/2-5-1536x1018.jpg 1536w, https:\/\/www.giurgiuveanul.ro\/stiri\/wp-content\/uploads\/2023\/10\/2-5-400x265.jpg 400w, https:\/\/www.giurgiuveanul.ro\/stiri\/wp-content\/uploads\/2023\/10\/2-5.jpg 1600w\" sizes=\"auto, (max-width: 574px) 100vw, 574px\" \/><\/a> <a href=\"https:\/\/www.giurgiuveanul.ro\/stiri\/wp-content\/uploads\/2023\/10\/3-6.jpg\"><img loading=\"lazy\" decoding=\"async\" class=\"aligncenter wp-image-100718\" src=\"https:\/\/www.giurgiuveanul.ro\/stiri\/wp-content\/uploads\/2023\/10\/3-6-560x362.jpg\" alt=\"\" width=\"568\" height=\"367\" srcset=\"https:\/\/www.giurgiuveanul.ro\/stiri\/wp-content\/uploads\/2023\/10\/3-6-560x362.jpg 560w, https:\/\/www.giurgiuveanul.ro\/stiri\/wp-content\/uploads\/2023\/10\/3-6-250x162.jpg 250w, https:\/\/www.giurgiuveanul.ro\/stiri\/wp-content\/uploads\/2023\/10\/3-6-768x497.jpg 768w, https:\/\/www.giurgiuveanul.ro\/stiri\/wp-content\/uploads\/2023\/10\/3-6-400x259.jpg 400w, https:\/\/www.giurgiuveanul.ro\/stiri\/wp-content\/uploads\/2023\/10\/3-6.jpg 1400w\" sizes=\"auto, (max-width: 568px) 100vw, 568px\" \/><\/a> <a href=\"https:\/\/www.giurgiuveanul.ro\/stiri\/wp-content\/uploads\/2023\/10\/4-3.jpg\"><img loading=\"lazy\" decoding=\"async\" class=\"aligncenter wp-image-100719\" src=\"https:\/\/www.giurgiuveanul.ro\/stiri\/wp-content\/uploads\/2023\/10\/4-3-309x450.jpg\" alt=\"\" width=\"563\" height=\"820\" srcset=\"https:\/\/www.giurgiuveanul.ro\/stiri\/wp-content\/uploads\/2023\/10\/4-3-309x450.jpg 309w, https:\/\/www.giurgiuveanul.ro\/stiri\/wp-content\/uploads\/2023\/10\/4-3-206x300.jpg 206w, https:\/\/www.giurgiuveanul.ro\/stiri\/wp-content\/uploads\/2023\/10\/4-3-768x1118.jpg 768w, https:\/\/www.giurgiuveanul.ro\/stiri\/wp-content\/uploads\/2023\/10\/4-3-1055x1536.jpg 1055w, https:\/\/www.giurgiuveanul.ro\/stiri\/wp-content\/uploads\/2023\/10\/4-3-1407x2048.jpg 1407w, https:\/\/www.giurgiuveanul.ro\/stiri\/wp-content\/uploads\/2023\/10\/4-3-400x582.jpg 400w, https:\/\/www.giurgiuveanul.ro\/stiri\/wp-content\/uploads\/2023\/10\/4-3.jpg 1476w\" sizes=\"auto, (max-width: 563px) 100vw, 563px\" \/><\/a><\/p>\n<p style=\"text-align: justify;\">Gazd\u0103 le-a fost <strong>Preasfin\u0163itul P\u0103rinte Dr. Ambrozie, Episcopul Giurgiului<\/strong>, cu care au discutat despre diferite probleme duhovnice\u0219ti.<\/p>\n<p><a href=\"https:\/\/www.giurgiuveanul.ro\/stiri\/wp-content\/uploads\/2023\/10\/5-3.jpg\"><img loading=\"lazy\" decoding=\"async\" class=\"aligncenter wp-image-100721\" src=\"https:\/\/www.giurgiuveanul.ro\/stiri\/wp-content\/uploads\/2023\/10\/5-3-560x420.jpg\" alt=\"\" width=\"568\" height=\"426\" srcset=\"https:\/\/www.giurgiuveanul.ro\/stiri\/wp-content\/uploads\/2023\/10\/5-3-560x420.jpg 560w, https:\/\/www.giurgiuveanul.ro\/stiri\/wp-content\/uploads\/2023\/10\/5-3-250x188.jpg 250w, https:\/\/www.giurgiuveanul.ro\/stiri\/wp-content\/uploads\/2023\/10\/5-3-768x576.jpg 768w, https:\/\/www.giurgiuveanul.ro\/stiri\/wp-content\/uploads\/2023\/10\/5-3-400x300.jpg 400w, https:\/\/www.giurgiuveanul.ro\/stiri\/wp-content\/uploads\/2023\/10\/5-3.jpg 1500w\" sizes=\"auto, (max-width: 568px) 100vw, 568px\" \/><\/a><\/p>\n<p style=\"text-align: justify;\">Tinerii seminari\u0219ti au putut afla mai multe despre istoria sfintelor m\u0103n\u0103stiri giurgiuvene, c\u00e2t \u0219i despre nevoin\u021ba celor care s-au ostenit cu construirea \u0219i p\u0103strarea acestor vetre de spiritualitatate ortodox\u0103.<\/p>\n","protected":false},"excerpt":{"rendered":"<p>\u00cen cadrul s\u0103pt\u0103m\u00e2nii \u201e\u0218coala Altfel\u201d, ast\u0103zi, luni, 16 octombrie,<\/p>\n","protected":false},"author":1,"featured_media":0,"comment_status":"open","ping_status":"open","sticky":false,"template":"","format":"standard","meta":{"footnotes":""},"categories":[6],"tags":[],"class_list":["post-100712","post","type-post","status-publish","format-standard","hentry","category-breaking-news"],"_links":{"self":[{"href":"https:\/\/www.giurgiuveanul.ro\/stiri\/wp-json\/wp\/v2\/posts\/100712","targetHints":{"allow":["GET"]}}],"collection":[{"href":"https:\/\/www.giurgiuveanul.ro\/stiri\/wp-json\/wp\/v2\/posts"}],"about":[{"href":"https:\/\/www.giurgiuveanul.ro\/stiri\/wp-json\/wp\/v2\/types\/post"}],"author":[{"embeddable":true,"href":"https:\/\/www.giurgiuveanul.ro\/stiri\/wp-json\/wp\/v2\/users\/1"}],"replies":[{"embeddable":true,"href":"https:\/\/www.giurgiuveanul.ro\/stiri\/wp-json\/wp\/v2\/comments?post=100712"}],"version-history":[{"count":0,"href":"https:\/\/www.giurgiuveanul.ro\/stiri\/wp-json\/wp\/v2\/posts\/100712\/revisions"}],"wp:attachment":[{"href":"https:\/\/www.giurgiuveanul.ro\/stiri\/wp-json\/wp\/v2\/media?parent=100712"}],"wp:term":[{"taxonomy":"category","embeddable":true,"href":"https:\/\/www.giurgiuveanul.ro\/stiri\/wp-json\/wp\/v2\/categories?post=100712"},{"taxonomy":"post_tag","embeddable":true,"href":"https:\/\/www.giurgiuveanul.ro\/stiri\/wp-json\/wp\/v2\/tags?post=100712"}],"curies":[{"name":"wp","href":"https:\/\/api.w.org\/{rel}","templated":true}]}}