{"id":100746,"date":"2023-10-17T09:15:43","date_gmt":"2023-10-17T06:15:43","guid":{"rendered":"https:\/\/www.giurgiuveanul.ro\/stiri\/?p=100746"},"modified":"2023-10-17T09:15:57","modified_gmt":"2023-10-17T06:15:57","slug":"conducator-auto-in-varsta-de-de-70-de-ani-depistat-in-trafic-cu-o-alcoolemie-de-077-mg-l-alcool-pur-in-aerul-expirat","status":"publish","type":"post","link":"https:\/\/www.giurgiuveanul.ro\/stiri\/conducator-auto-in-varsta-de-de-70-de-ani-depistat-in-trafic-cu-o-alcoolemie-de-077-mg-l-alcool-pur-in-aerul-expirat\/","title":{"rendered":"Conduc\u0103tor auto, \u00een v\u00e2rst\u0103 de de 70 de ani, depistat \u00een trafic cu o alcoolemie de 0,77 mg\/l alcool pur \u00een aerul expirat"},"content":{"rendered":"<p style=\"text-align: justify;\"><strong><a href=\"https:\/\/www.giurgiuveanul.ro\/stiri\/wp-content\/uploads\/2023\/09\/23reclamatie-alcoolemie.jpg\"><img loading=\"lazy\" decoding=\"async\" class=\"aligncenter wp-image-100126\" src=\"https:\/\/www.giurgiuveanul.ro\/stiri\/wp-content\/uploads\/2023\/09\/23reclamatie-alcoolemie-560x374.jpg\" alt=\"\" width=\"577\" height=\"385\" srcset=\"https:\/\/www.giurgiuveanul.ro\/stiri\/wp-content\/uploads\/2023\/09\/23reclamatie-alcoolemie-560x374.jpg 560w, https:\/\/www.giurgiuveanul.ro\/stiri\/wp-content\/uploads\/2023\/09\/23reclamatie-alcoolemie-250x167.jpg 250w, https:\/\/www.giurgiuveanul.ro\/stiri\/wp-content\/uploads\/2023\/09\/23reclamatie-alcoolemie-768x513.jpg 768w, https:\/\/www.giurgiuveanul.ro\/stiri\/wp-content\/uploads\/2023\/09\/23reclamatie-alcoolemie-400x267.jpg 400w, https:\/\/www.giurgiuveanul.ro\/stiri\/wp-content\/uploads\/2023\/09\/23reclamatie-alcoolemie.jpg 800w\" sizes=\"auto, (max-width: 577px) 100vw, 577px\" \/><\/a>Poli\u021bi\u0219tii giurgiuveni au<!--more--> depistat, la data de 16 octombrie a.c., ora 16.35, \u00een timp ce \u00ee\u0219i exercitau atribu\u021biile de serviciu, pe D.N.5 A, \u00een localitatea Hotarele, jude\u021bul Giurgiu, \u00a0un b\u0103rbat, de 70 de ani, din municipiul Bucure\u0219ti, \u00een timp ce conducea un autoturism, afl\u00e2ndu-se sub influen\u021ba b\u0103uturilor alcoolice, informeaz\u0103 IPJ Giurgiu.<\/strong><\/p>\n<p style=\"text-align: justify;\">Acesta a fost testat cu aparatul etilotest, care a indicat valoarea de 0,77 mg\/l alcool pur \u00een aerul expirat, motiv pentru care a fost condus la spital, pentru recoltarea probelor biologice de s\u00e2nge, \u00een vederea stabilirii alcoolemiei.<\/p>\n<p style=\"text-align: justify;\">\u00cen cauz\u0103, a fost \u00eentocmit un dosar penal sub aspectul s\u0103v\u00e2r\u0219irii infrac\u021biunii de conducerea unui vehicul sub influen\u021ba b\u0103uturilor alcoolice.<\/p>\n","protected":false},"excerpt":{"rendered":"<p>Poli\u021bi\u0219tii giurgiuveni au<\/p>\n","protected":false},"author":1,"featured_media":0,"comment_status":"open","ping_status":"open","sticky":false,"template":"","format":"standard","meta":{"footnotes":""},"categories":[6],"tags":[],"class_list":["post-100746","post","type-post","status-publish","format-standard","hentry","category-breaking-news"],"_links":{"self":[{"href":"https:\/\/www.giurgiuveanul.ro\/stiri\/wp-json\/wp\/v2\/posts\/100746","targetHints":{"allow":["GET"]}}],"collection":[{"href":"https:\/\/www.giurgiuveanul.ro\/stiri\/wp-json\/wp\/v2\/posts"}],"about":[{"href":"https:\/\/www.giurgiuveanul.ro\/stiri\/wp-json\/wp\/v2\/types\/post"}],"author":[{"embeddable":true,"href":"https:\/\/www.giurgiuveanul.ro\/stiri\/wp-json\/wp\/v2\/users\/1"}],"replies":[{"embeddable":true,"href":"https:\/\/www.giurgiuveanul.ro\/stiri\/wp-json\/wp\/v2\/comments?post=100746"}],"version-history":[{"count":0,"href":"https:\/\/www.giurgiuveanul.ro\/stiri\/wp-json\/wp\/v2\/posts\/100746\/revisions"}],"wp:attachment":[{"href":"https:\/\/www.giurgiuveanul.ro\/stiri\/wp-json\/wp\/v2\/media?parent=100746"}],"wp:term":[{"taxonomy":"category","embeddable":true,"href":"https:\/\/www.giurgiuveanul.ro\/stiri\/wp-json\/wp\/v2\/categories?post=100746"},{"taxonomy":"post_tag","embeddable":true,"href":"https:\/\/www.giurgiuveanul.ro\/stiri\/wp-json\/wp\/v2\/tags?post=100746"}],"curies":[{"name":"wp","href":"https:\/\/api.w.org\/{rel}","templated":true}]}}