{"id":100766,"date":"2023-10-18T09:29:01","date_gmt":"2023-10-18T06:29:01","guid":{"rendered":"https:\/\/www.giurgiuveanul.ro\/stiri\/?p=100766"},"modified":"2023-10-18T10:04:07","modified_gmt":"2023-10-18T07:04:07","slug":"cum-s-a-intors-totul-in-bine-intr-un-an-la-dacia-giurgiu","status":"publish","type":"post","link":"https:\/\/www.giurgiuveanul.ro\/stiri\/cum-s-a-intors-totul-in-bine-intr-un-an-la-dacia-giurgiu\/","title":{"rendered":"Cum s-a \u00eentors totul \u00een bine \u00eentr-un an la Dacia Giurgiu"},"content":{"rendered":"<p style=\"text-align: justify;\"><strong><a href=\"https:\/\/www.giurgiuveanul.ro\/stiri\/wp-content\/uploads\/2023\/10\/0-.jpg\"><img loading=\"lazy\" decoding=\"async\" class=\"aligncenter wp-image-100767\" src=\"https:\/\/www.giurgiuveanul.ro\/stiri\/wp-content\/uploads\/2023\/10\/0--560x289.jpg\" alt=\"\" width=\"575\" height=\"297\" srcset=\"https:\/\/www.giurgiuveanul.ro\/stiri\/wp-content\/uploads\/2023\/10\/0--560x289.jpg 560w, https:\/\/www.giurgiuveanul.ro\/stiri\/wp-content\/uploads\/2023\/10\/0--250x129.jpg 250w, https:\/\/www.giurgiuveanul.ro\/stiri\/wp-content\/uploads\/2023\/10\/0--768x397.jpg 768w, https:\/\/www.giurgiuveanul.ro\/stiri\/wp-content\/uploads\/2023\/10\/0--1536x793.jpg 1536w, https:\/\/www.giurgiuveanul.ro\/stiri\/wp-content\/uploads\/2023\/10\/0--400x207.jpg 400w, https:\/\/www.giurgiuveanul.ro\/stiri\/wp-content\/uploads\/2023\/10\/0-.jpg 1783w\" sizes=\"auto, (max-width: 575px) 100vw, 575px\" \/><\/a>Nu a trecut mult timp de c\u00e2nd Eurocar Service Giurgiu<!--more--> \u0219i-a schimbat proprietarul \u0219i numele \u00een <a href=\"http:\/\/www.daciagiurgiu.ro\">Dacia Giurgiu<\/a> (Eurocar Sud SA) \u00a0promi\u021b\u00e2nd multe \u00eembun\u0103t\u0103\u021biri. Dar cum arat\u0103 situa\u021bia acum, dup\u0103 un an? Hai s\u0103 vedem ce s-a \u00eent\u00e2mplat&#8230;<\/strong><\/p>\n<p style=\"text-align: justify;\">\u00cen primul r\u00e2nd, de c\u00e2nd s-a schimbat managementul, lucrurile au devenit mai bune pentru angaja\u021bi \u0219i clien\u021bi. Au cump\u0103rat sculele moderne \u0219i echipamentele noi, \u0219i au deschis o sta\u021bie pentru ma\u0219ini electrice \u0219i hibride Dacia. Asta \u00eenseamn\u0103 c\u0103 oamenii din Giurgiu nu mai trebuie s\u0103 mearg\u0103 p\u00e2n\u0103 la Bucure\u0219ti pentru repara\u021bii sau \u00eentre\u021binere. Pre\u021burile sunt mai mici dec\u00e2t la Bucure\u0219tiul, f\u0103r\u0103 cozi mari, iar repara\u021biile sunt realizate la standarde Dacia-Renault.<\/p>\n<p><a href=\"https:\/\/www.giurgiuveanul.ro\/stiri\/wp-content\/uploads\/2023\/10\/Anvelope-Motrio-pentru-logan-Giurgiu-3-scaled.jpg\"><img loading=\"lazy\" decoding=\"async\" class=\"aligncenter wp-image-100770\" src=\"https:\/\/www.giurgiuveanul.ro\/stiri\/wp-content\/uploads\/2023\/10\/Anvelope-Motrio-pentru-logan-Giurgiu-3-437x450.jpg\" alt=\"\" width=\"574\" height=\"591\" srcset=\"https:\/\/www.giurgiuveanul.ro\/stiri\/wp-content\/uploads\/2023\/10\/Anvelope-Motrio-pentru-logan-Giurgiu-3-437x450.jpg 437w, https:\/\/www.giurgiuveanul.ro\/stiri\/wp-content\/uploads\/2023\/10\/Anvelope-Motrio-pentru-logan-Giurgiu-3-250x257.jpg 250w, https:\/\/www.giurgiuveanul.ro\/stiri\/wp-content\/uploads\/2023\/10\/Anvelope-Motrio-pentru-logan-Giurgiu-3-768x790.jpg 768w, https:\/\/www.giurgiuveanul.ro\/stiri\/wp-content\/uploads\/2023\/10\/Anvelope-Motrio-pentru-logan-Giurgiu-3-1493x1536.jpg 1493w, https:\/\/www.giurgiuveanul.ro\/stiri\/wp-content\/uploads\/2023\/10\/Anvelope-Motrio-pentru-logan-Giurgiu-3-1991x2048.jpg 1991w, https:\/\/www.giurgiuveanul.ro\/stiri\/wp-content\/uploads\/2023\/10\/Anvelope-Motrio-pentru-logan-Giurgiu-3-400x412.jpg 400w\" sizes=\"auto, (max-width: 574px) 100vw, 574px\" \/><\/a> <a href=\"https:\/\/www.giurgiuveanul.ro\/stiri\/wp-content\/uploads\/2023\/10\/Atelierul-dacia-electrica-scaled.jpg\"><img loading=\"lazy\" decoding=\"async\" class=\"aligncenter wp-image-100771\" src=\"https:\/\/www.giurgiuveanul.ro\/stiri\/wp-content\/uploads\/2023\/10\/Atelierul-dacia-electrica-560x416.jpg\" alt=\"\" width=\"567\" height=\"421\" srcset=\"https:\/\/www.giurgiuveanul.ro\/stiri\/wp-content\/uploads\/2023\/10\/Atelierul-dacia-electrica-560x416.jpg 560w, https:\/\/www.giurgiuveanul.ro\/stiri\/wp-content\/uploads\/2023\/10\/Atelierul-dacia-electrica-250x186.jpg 250w, https:\/\/www.giurgiuveanul.ro\/stiri\/wp-content\/uploads\/2023\/10\/Atelierul-dacia-electrica-768x571.jpg 768w, https:\/\/www.giurgiuveanul.ro\/stiri\/wp-content\/uploads\/2023\/10\/Atelierul-dacia-electrica-1536x1141.jpg 1536w, https:\/\/www.giurgiuveanul.ro\/stiri\/wp-content\/uploads\/2023\/10\/Atelierul-dacia-electrica-2048x1521.jpg 2048w, https:\/\/www.giurgiuveanul.ro\/stiri\/wp-content\/uploads\/2023\/10\/Atelierul-dacia-electrica-400x297.jpg 400w\" sizes=\"auto, (max-width: 567px) 100vw, 567px\" \/><\/a> <a href=\"https:\/\/www.giurgiuveanul.ro\/stiri\/wp-content\/uploads\/2023\/10\/ITP-Rar-Giurgiu.png\"><img loading=\"lazy\" decoding=\"async\" class=\"aligncenter wp-image-100772\" src=\"https:\/\/www.giurgiuveanul.ro\/stiri\/wp-content\/uploads\/2023\/10\/ITP-Rar-Giurgiu-338x450.png\" alt=\"\" width=\"565\" height=\"752\" srcset=\"https:\/\/www.giurgiuveanul.ro\/stiri\/wp-content\/uploads\/2023\/10\/ITP-Rar-Giurgiu-338x450.png 338w, https:\/\/www.giurgiuveanul.ro\/stiri\/wp-content\/uploads\/2023\/10\/ITP-Rar-Giurgiu-225x300.png 225w, https:\/\/www.giurgiuveanul.ro\/stiri\/wp-content\/uploads\/2023\/10\/ITP-Rar-Giurgiu-768x1024.png 768w, https:\/\/www.giurgiuveanul.ro\/stiri\/wp-content\/uploads\/2023\/10\/ITP-Rar-Giurgiu-400x533.png 400w, https:\/\/www.giurgiuveanul.ro\/stiri\/wp-content\/uploads\/2023\/10\/ITP-Rar-Giurgiu.png 960w\" sizes=\"auto, (max-width: 565px) 100vw, 565px\" \/><\/a> <a href=\"https:\/\/www.giurgiuveanul.ro\/stiri\/wp-content\/uploads\/2023\/10\/Reparatii-caroserii-scaled.jpg\"><img loading=\"lazy\" decoding=\"async\" class=\"aligncenter size-large wp-image-100773\" src=\"https:\/\/www.giurgiuveanul.ro\/stiri\/wp-content\/uploads\/2023\/10\/Reparatii-caroserii-560x413.jpg\" alt=\"\" width=\"560\" height=\"413\" srcset=\"https:\/\/www.giurgiuveanul.ro\/stiri\/wp-content\/uploads\/2023\/10\/Reparatii-caroserii-560x413.jpg 560w, https:\/\/www.giurgiuveanul.ro\/stiri\/wp-content\/uploads\/2023\/10\/Reparatii-caroserii-250x185.jpg 250w, https:\/\/www.giurgiuveanul.ro\/stiri\/wp-content\/uploads\/2023\/10\/Reparatii-caroserii-768x567.jpg 768w, https:\/\/www.giurgiuveanul.ro\/stiri\/wp-content\/uploads\/2023\/10\/Reparatii-caroserii-1536x1134.jpg 1536w, https:\/\/www.giurgiuveanul.ro\/stiri\/wp-content\/uploads\/2023\/10\/Reparatii-caroserii-2048x1511.jpg 2048w, https:\/\/www.giurgiuveanul.ro\/stiri\/wp-content\/uploads\/2023\/10\/Reparatii-caroserii-400x295.jpg 400w\" sizes=\"auto, (max-width: 560px) 100vw, 560px\" \/><\/a> <a href=\"https:\/\/www.giurgiuveanul.ro\/stiri\/wp-content\/uploads\/2023\/10\/Sculele-Dacia-scaled.jpg\"><img loading=\"lazy\" decoding=\"async\" class=\"aligncenter wp-image-100774\" src=\"https:\/\/www.giurgiuveanul.ro\/stiri\/wp-content\/uploads\/2023\/10\/Sculele-Dacia-338x450.jpg\" alt=\"\" width=\"554\" height=\"738\" srcset=\"https:\/\/www.giurgiuveanul.ro\/stiri\/wp-content\/uploads\/2023\/10\/Sculele-Dacia-338x450.jpg 338w, https:\/\/www.giurgiuveanul.ro\/stiri\/wp-content\/uploads\/2023\/10\/Sculele-Dacia-225x300.jpg 225w, https:\/\/www.giurgiuveanul.ro\/stiri\/wp-content\/uploads\/2023\/10\/Sculele-Dacia-768x1024.jpg 768w, https:\/\/www.giurgiuveanul.ro\/stiri\/wp-content\/uploads\/2023\/10\/Sculele-Dacia-1152x1536.jpg 1152w, https:\/\/www.giurgiuveanul.ro\/stiri\/wp-content\/uploads\/2023\/10\/Sculele-Dacia-1536x2048.jpg 1536w, https:\/\/www.giurgiuveanul.ro\/stiri\/wp-content\/uploads\/2023\/10\/Sculele-Dacia-400x533.jpg 400w, https:\/\/www.giurgiuveanul.ro\/stiri\/wp-content\/uploads\/2023\/10\/Sculele-Dacia-scaled.jpg 1920w\" sizes=\"auto, (max-width: 554px) 100vw, 554px\" \/><\/a><\/p>\n<p style=\"text-align: justify;\">Pe l\u00e2ng\u0103 acestea, Eurocar Service Giurgiu a investit \u00een modernizarea depozitului de piese de schimb, pentru a \u00eembun\u0103t\u0103\u021bi astfel rapiditatea \u0219i calitatea serviciilor oferite clien\u021bilor, fie c\u0103 sunt persoane fizice sau clien\u021bi B2B \u0219i corporate. Planurile de viitor includ mai mult\u0103 dezvoltarea vanzarilor de accesorii \u0219i piese de schimb pentru m\u0103rcile Dacia \u0219i Renault, precum \u0219i o cre\u0219tere a calit\u0103\u021bii servicilor.<\/p>\n<p style=\"text-align: justify;\">Cu scopul de a optimiza repara\u021biile \u0219i de a diminua timpul de a\u0219teptare pentru clien\u021bii care \u00ee\u0219i aduc ma\u0219inile la service, urmeaz\u0103 s\u0103 extind\u0103 zona de repara\u021bii \u00een viitorul apropiat. \u00cen plus, se propune s\u0103 creasc\u0103 num\u0103rul de platforme de lucru \u0219i echipamente necesare pentru a accelera procedurile de repara\u021bii.<\/p>\n<p><a href=\"https:\/\/www.giurgiuveanul.ro\/stiri\/wp-content\/uploads\/2023\/10\/SDV-Dacia-scaled.jpg\"><img loading=\"lazy\" decoding=\"async\" class=\"aligncenter wp-image-100776\" src=\"https:\/\/www.giurgiuveanul.ro\/stiri\/wp-content\/uploads\/2023\/10\/SDV-Dacia-560x370.jpg\" alt=\"\" width=\"568\" height=\"375\" srcset=\"https:\/\/www.giurgiuveanul.ro\/stiri\/wp-content\/uploads\/2023\/10\/SDV-Dacia-560x370.jpg 560w, https:\/\/www.giurgiuveanul.ro\/stiri\/wp-content\/uploads\/2023\/10\/SDV-Dacia-250x165.jpg 250w, https:\/\/www.giurgiuveanul.ro\/stiri\/wp-content\/uploads\/2023\/10\/SDV-Dacia-768x508.jpg 768w, https:\/\/www.giurgiuveanul.ro\/stiri\/wp-content\/uploads\/2023\/10\/SDV-Dacia-1536x1015.jpg 1536w, https:\/\/www.giurgiuveanul.ro\/stiri\/wp-content\/uploads\/2023\/10\/SDV-Dacia-2048x1354.jpg 2048w, https:\/\/www.giurgiuveanul.ro\/stiri\/wp-content\/uploads\/2023\/10\/SDV-Dacia-400x264.jpg 400w\" sizes=\"auto, (max-width: 568px) 100vw, 568px\" \/><\/a> <a href=\"https:\/\/www.giurgiuveanul.ro\/stiri\/wp-content\/uploads\/2023\/10\/Service-Dacia-autorizat-scaled.jpg\"><img loading=\"lazy\" decoding=\"async\" class=\"aligncenter wp-image-100777\" src=\"https:\/\/www.giurgiuveanul.ro\/stiri\/wp-content\/uploads\/2023\/10\/Service-Dacia-autorizat-338x450.jpg\" alt=\"\" width=\"564\" height=\"751\" srcset=\"https:\/\/www.giurgiuveanul.ro\/stiri\/wp-content\/uploads\/2023\/10\/Service-Dacia-autorizat-338x450.jpg 338w, https:\/\/www.giurgiuveanul.ro\/stiri\/wp-content\/uploads\/2023\/10\/Service-Dacia-autorizat-225x300.jpg 225w, https:\/\/www.giurgiuveanul.ro\/stiri\/wp-content\/uploads\/2023\/10\/Service-Dacia-autorizat-768x1024.jpg 768w, https:\/\/www.giurgiuveanul.ro\/stiri\/wp-content\/uploads\/2023\/10\/Service-Dacia-autorizat-1152x1536.jpg 1152w, https:\/\/www.giurgiuveanul.ro\/stiri\/wp-content\/uploads\/2023\/10\/Service-Dacia-autorizat-1536x2048.jpg 1536w, https:\/\/www.giurgiuveanul.ro\/stiri\/wp-content\/uploads\/2023\/10\/Service-Dacia-autorizat-400x533.jpg 400w, https:\/\/www.giurgiuveanul.ro\/stiri\/wp-content\/uploads\/2023\/10\/Service-Dacia-autorizat-scaled.jpg 1920w\" sizes=\"auto, (max-width: 564px) 100vw, 564px\" \/><\/a> <a href=\"https:\/\/www.giurgiuveanul.ro\/stiri\/wp-content\/uploads\/2023\/10\/Tinichigerie-auto-Dacia-autorizat-scaled.jpg\"><img loading=\"lazy\" decoding=\"async\" class=\"aligncenter wp-image-100778\" src=\"https:\/\/www.giurgiuveanul.ro\/stiri\/wp-content\/uploads\/2023\/10\/Tinichigerie-auto-Dacia-autorizat-365x450.jpg\" alt=\"\" width=\"558\" height=\"688\" srcset=\"https:\/\/www.giurgiuveanul.ro\/stiri\/wp-content\/uploads\/2023\/10\/Tinichigerie-auto-Dacia-autorizat-365x450.jpg 365w, https:\/\/www.giurgiuveanul.ro\/stiri\/wp-content\/uploads\/2023\/10\/Tinichigerie-auto-Dacia-autorizat-243x300.jpg 243w, https:\/\/www.giurgiuveanul.ro\/stiri\/wp-content\/uploads\/2023\/10\/Tinichigerie-auto-Dacia-autorizat-768x948.jpg 768w, https:\/\/www.giurgiuveanul.ro\/stiri\/wp-content\/uploads\/2023\/10\/Tinichigerie-auto-Dacia-autorizat-1244x1536.jpg 1244w, https:\/\/www.giurgiuveanul.ro\/stiri\/wp-content\/uploads\/2023\/10\/Tinichigerie-auto-Dacia-autorizat-1659x2048.jpg 1659w, https:\/\/www.giurgiuveanul.ro\/stiri\/wp-content\/uploads\/2023\/10\/Tinichigerie-auto-Dacia-autorizat-400x494.jpg 400w\" sizes=\"auto, (max-width: 558px) 100vw, 558px\" \/><\/a> <a href=\"https:\/\/www.giurgiuveanul.ro\/stiri\/wp-content\/uploads\/2023\/10\/Vositorie-Dacia-daune-scaled.jpg\"><img loading=\"lazy\" decoding=\"async\" class=\"aligncenter wp-image-100779\" src=\"https:\/\/www.giurgiuveanul.ro\/stiri\/wp-content\/uploads\/2023\/10\/Vositorie-Dacia-daune-453x450.jpg\" alt=\"\" width=\"553\" height=\"549\" srcset=\"https:\/\/www.giurgiuveanul.ro\/stiri\/wp-content\/uploads\/2023\/10\/Vositorie-Dacia-daune-453x450.jpg 453w, https:\/\/www.giurgiuveanul.ro\/stiri\/wp-content\/uploads\/2023\/10\/Vositorie-Dacia-daune-250x248.jpg 250w, https:\/\/www.giurgiuveanul.ro\/stiri\/wp-content\/uploads\/2023\/10\/Vositorie-Dacia-daune-768x763.jpg 768w, https:\/\/www.giurgiuveanul.ro\/stiri\/wp-content\/uploads\/2023\/10\/Vositorie-Dacia-daune-1536x1526.jpg 1536w, https:\/\/www.giurgiuveanul.ro\/stiri\/wp-content\/uploads\/2023\/10\/Vositorie-Dacia-daune-2048x2034.jpg 2048w, https:\/\/www.giurgiuveanul.ro\/stiri\/wp-content\/uploads\/2023\/10\/Vositorie-Dacia-daune-200x200.jpg 200w, https:\/\/www.giurgiuveanul.ro\/stiri\/wp-content\/uploads\/2023\/10\/Vositorie-Dacia-daune-400x397.jpg 400w\" sizes=\"auto, (max-width: 553px) 100vw, 553px\" \/><\/a><\/p>\n<p style=\"text-align: justify;\">Cu inten\u021bia de a face serviciul mai adaptat cerin\u021belor clien\u021bilor \u0219i mai actualizat, Dacia Giurgiu a introdus un sistem de notificare pentru termenele ITP-ului necesar. \u00cen prezent, clien\u021bii pot furniza datele lor de contact, iar echipa lor de asisten\u021b\u0103 tehnic\u0103 \u00eei va contacta pentru a le reaminti c\u00e2nd este momentul pentru inspec\u021bia tehnic\u0103 periodic\u0103 \u0219i pentru a stabili o programare convenabil\u0103.<\/p>\n<p style=\"text-align: justify;\">O alt\u0103 schimbare notabil\u0103 const\u0103 \u00een abordarea dinamic\u0103 a comunic\u0103rii. Acum, Dacia Giurgiu e mai aproape de oameni. Prin colabor\u0103ri cu bloggeri locali \u0219i prin implicarea activ\u0103 \u00een mediul online, Dacia Giurgiu \u00ee\u0219i conecteaz\u0103 mai bine cu clien\u021bii \u0219i ofer\u0103 informa\u021bii \u00een timp real. Acum, interac\u021biunea cu reprezentan\u021bii acestui service nu se limiteaz\u0103 la apeluri telefonice sau vizite personale, ci se poate realiza \u0219i prin intermediul platformelor online.<\/p>\n<p style=\"text-align: justify;\">Pe scurt, <a href=\"http:\/\/www.daciagiurgiu.ro\">Dacia Giurgiu<\/a> a reu\u0219it s\u0103 implementeze o serie de schimb\u0103ri pozitive \u00een decursul unui an. Totu\u0219i, aceasta este doar \u00eenceputul, cu multe planuri \u0219i proiecte \u00een a\u0219teptare. Ei privesc cu entuziasm spre viitor \u0219i c\u0103tre continuarea acestei evolu\u021bii remarcabile.<\/p>\n<p style=\"text-align: justify;\">\n","protected":false},"excerpt":{"rendered":"<p>Nu a trecut mult timp de c\u00e2nd Eurocar Service Giurgiu<\/p>\n","protected":false},"author":1,"featured_media":0,"comment_status":"open","ping_status":"open","sticky":false,"template":"","format":"standard","meta":{"footnotes":""},"categories":[6],"tags":[],"class_list":["post-100766","post","type-post","status-publish","format-standard","hentry","category-breaking-news"],"_links":{"self":[{"href":"https:\/\/www.giurgiuveanul.ro\/stiri\/wp-json\/wp\/v2\/posts\/100766","targetHints":{"allow":["GET"]}}],"collection":[{"href":"https:\/\/www.giurgiuveanul.ro\/stiri\/wp-json\/wp\/v2\/posts"}],"about":[{"href":"https:\/\/www.giurgiuveanul.ro\/stiri\/wp-json\/wp\/v2\/types\/post"}],"author":[{"embeddable":true,"href":"https:\/\/www.giurgiuveanul.ro\/stiri\/wp-json\/wp\/v2\/users\/1"}],"replies":[{"embeddable":true,"href":"https:\/\/www.giurgiuveanul.ro\/stiri\/wp-json\/wp\/v2\/comments?post=100766"}],"version-history":[{"count":0,"href":"https:\/\/www.giurgiuveanul.ro\/stiri\/wp-json\/wp\/v2\/posts\/100766\/revisions"}],"wp:attachment":[{"href":"https:\/\/www.giurgiuveanul.ro\/stiri\/wp-json\/wp\/v2\/media?parent=100766"}],"wp:term":[{"taxonomy":"category","embeddable":true,"href":"https:\/\/www.giurgiuveanul.ro\/stiri\/wp-json\/wp\/v2\/categories?post=100766"},{"taxonomy":"post_tag","embeddable":true,"href":"https:\/\/www.giurgiuveanul.ro\/stiri\/wp-json\/wp\/v2\/tags?post=100766"}],"curies":[{"name":"wp","href":"https:\/\/api.w.org\/{rel}","templated":true}]}}