{"id":100791,"date":"2023-10-18T16:58:42","date_gmt":"2023-10-18T13:58:42","guid":{"rendered":"https:\/\/www.giurgiuveanul.ro\/stiri\/?p=100791"},"modified":"2023-10-18T16:58:42","modified_gmt":"2023-10-18T13:58:42","slug":"superlativul-are-acum-un-nume-joi-19-octombrie-la-ora-700-se-redeschide-profi-super-din-piata-centrala-a-municipiului-giurgiu","status":"publish","type":"post","link":"https:\/\/www.giurgiuveanul.ro\/stiri\/superlativul-are-acum-un-nume-joi-19-octombrie-la-ora-700-se-redeschide-profi-super-din-piata-centrala-a-municipiului-giurgiu\/","title":{"rendered":"Superlativul are acum un nume: Joi, 19 octombrie, la ora 7:00, se (re)deschide Profi Super, din Pia\u0163a Central\u0103 a municipiului Giurgiu!"},"content":{"rendered":"<p style=\"text-align: justify;\"><strong><a href=\"https:\/\/www.giurgiuveanul.ro\/stiri\/wp-content\/uploads\/2023\/10\/000-profi.jpg\"><img loading=\"lazy\" decoding=\"async\" class=\"aligncenter  wp-image-100792\" src=\"https:\/\/www.giurgiuveanul.ro\/stiri\/wp-content\/uploads\/2023\/10\/000-profi-560x344.jpg\" alt=\"\" width=\"576\" height=\"354\" srcset=\"https:\/\/www.giurgiuveanul.ro\/stiri\/wp-content\/uploads\/2023\/10\/000-profi-560x344.jpg 560w, https:\/\/www.giurgiuveanul.ro\/stiri\/wp-content\/uploads\/2023\/10\/000-profi-250x154.jpg 250w, https:\/\/www.giurgiuveanul.ro\/stiri\/wp-content\/uploads\/2023\/10\/000-profi-768x472.jpg 768w, https:\/\/www.giurgiuveanul.ro\/stiri\/wp-content\/uploads\/2023\/10\/000-profi-1536x944.jpg 1536w, https:\/\/www.giurgiuveanul.ro\/stiri\/wp-content\/uploads\/2023\/10\/000-profi-400x246.jpg 400w, https:\/\/www.giurgiuveanul.ro\/stiri\/wp-content\/uploads\/2023\/10\/000-profi.jpg 2000w\" sizes=\"auto, (max-width: 576px) 100vw, 576px\" \/><\/a>Joi, 19 octombrie, la ora 7:00,<!--more--> se redeschide supermarket-ul Profi, din Pia\u0163a Central\u0103 a municipiului Giurgiu, de aceast\u0103 dat\u0103 fiind vorba despre un Profi Super!<\/strong><\/p>\n<p style=\"text-align: justify;\">\n<p style=\"text-align: justify;\">Profi Super este un magazin concept cu un statut special care \u00eencorporeaz\u0103 cele mai reu\u0219ite experien\u021be de p\u00e2n\u0103 acum, incluz\u00e2nd modul de lucru, sortimenta\u021bia \u0219i atmosfera.<\/p>\n<p style=\"text-align: justify;\">\n<p style=\"text-align: justify;\">Cu peste 1.300 de produse diferite fa\u021b\u0103 de celelalte magazine dar \u0219i o gama variat\u0103 de produse Bio, Profi Super este exemplul de dezvoltare pentru toate magazinele Profi din \u021bar\u0103.<\/p>\n","protected":false},"excerpt":{"rendered":"<p>Joi, 19 octombrie, la ora 7:00,<\/p>\n","protected":false},"author":1,"featured_media":0,"comment_status":"open","ping_status":"open","sticky":false,"template":"","format":"standard","meta":{"footnotes":""},"categories":[6],"tags":[],"class_list":["post-100791","post","type-post","status-publish","format-standard","hentry","category-breaking-news"],"_links":{"self":[{"href":"https:\/\/www.giurgiuveanul.ro\/stiri\/wp-json\/wp\/v2\/posts\/100791","targetHints":{"allow":["GET"]}}],"collection":[{"href":"https:\/\/www.giurgiuveanul.ro\/stiri\/wp-json\/wp\/v2\/posts"}],"about":[{"href":"https:\/\/www.giurgiuveanul.ro\/stiri\/wp-json\/wp\/v2\/types\/post"}],"author":[{"embeddable":true,"href":"https:\/\/www.giurgiuveanul.ro\/stiri\/wp-json\/wp\/v2\/users\/1"}],"replies":[{"embeddable":true,"href":"https:\/\/www.giurgiuveanul.ro\/stiri\/wp-json\/wp\/v2\/comments?post=100791"}],"version-history":[{"count":0,"href":"https:\/\/www.giurgiuveanul.ro\/stiri\/wp-json\/wp\/v2\/posts\/100791\/revisions"}],"wp:attachment":[{"href":"https:\/\/www.giurgiuveanul.ro\/stiri\/wp-json\/wp\/v2\/media?parent=100791"}],"wp:term":[{"taxonomy":"category","embeddable":true,"href":"https:\/\/www.giurgiuveanul.ro\/stiri\/wp-json\/wp\/v2\/categories?post=100791"},{"taxonomy":"post_tag","embeddable":true,"href":"https:\/\/www.giurgiuveanul.ro\/stiri\/wp-json\/wp\/v2\/tags?post=100791"}],"curies":[{"name":"wp","href":"https:\/\/api.w.org\/{rel}","templated":true}]}}