{"id":100794,"date":"2023-10-18T17:14:10","date_gmt":"2023-10-18T14:14:10","guid":{"rendered":"https:\/\/www.giurgiuveanul.ro\/stiri\/?p=100794"},"modified":"2023-10-18T17:15:44","modified_gmt":"2023-10-18T14:15:44","slug":"autoturism-in-flacari-la-balanu","status":"publish","type":"post","link":"https:\/\/www.giurgiuveanul.ro\/stiri\/autoturism-in-flacari-la-balanu\/","title":{"rendered":"Autoturism \u00een fl\u0103c\u0103ri, la B\u0103lanu"},"content":{"rendered":"<p style=\"text-align: justify;\"><strong><a href=\"https:\/\/www.giurgiuveanul.ro\/stiri\/wp-content\/uploads\/2023\/10\/000masina-in-flacari.jpeg\"><img loading=\"lazy\" decoding=\"async\" class=\"aligncenter wp-image-100795\" src=\"https:\/\/www.giurgiuveanul.ro\/stiri\/wp-content\/uploads\/2023\/10\/000masina-in-flacari-560x373.jpeg\" alt=\"\" width=\"578\" height=\"385\" srcset=\"https:\/\/www.giurgiuveanul.ro\/stiri\/wp-content\/uploads\/2023\/10\/000masina-in-flacari-560x373.jpeg 560w, https:\/\/www.giurgiuveanul.ro\/stiri\/wp-content\/uploads\/2023\/10\/000masina-in-flacari-250x167.jpeg 250w, https:\/\/www.giurgiuveanul.ro\/stiri\/wp-content\/uploads\/2023\/10\/000masina-in-flacari-768x511.jpeg 768w, https:\/\/www.giurgiuveanul.ro\/stiri\/wp-content\/uploads\/2023\/10\/000masina-in-flacari-1536x1023.jpeg 1536w, https:\/\/www.giurgiuveanul.ro\/stiri\/wp-content\/uploads\/2023\/10\/000masina-in-flacari-400x266.jpeg 400w, https:\/\/www.giurgiuveanul.ro\/stiri\/wp-content\/uploads\/2023\/10\/000masina-in-flacari.jpeg 2000w\" sizes=\"auto, (max-width: 578px) 100vw, 578px\" \/><\/a>Un autoturism a luat foc, \u00een urm\u0103 cu pu\u021bin timp, \u00een<!--more--> localitatea B\u0103lanu. Evenimentul s-a produs \u00een apropierea bisericii, ma\u0219ina fiind sta\u021bionat\u0103, potrivit ISU Giurgiu.<\/strong><\/p>\n<p style=\"text-align: justify;\">Ajun\u0219i la fa\u021ba locului cu o autospecial\u0103 de stingere, pompierii au constatat faptul c\u0103 autoturismul ardea generalizat.<\/p>\n<p><a href=\"https:\/\/www.giurgiuveanul.ro\/stiri\/wp-content\/uploads\/2023\/10\/000-autoturism-in-flacari.jpeg\"><img loading=\"lazy\" decoding=\"async\" class=\"aligncenter  wp-image-100797\" src=\"https:\/\/www.giurgiuveanul.ro\/stiri\/wp-content\/uploads\/2023\/10\/000-autoturism-in-flacari-560x315.jpeg\" alt=\"\" width=\"578\" height=\"325\" srcset=\"https:\/\/www.giurgiuveanul.ro\/stiri\/wp-content\/uploads\/2023\/10\/000-autoturism-in-flacari-560x315.jpeg 560w, https:\/\/www.giurgiuveanul.ro\/stiri\/wp-content\/uploads\/2023\/10\/000-autoturism-in-flacari-250x141.jpeg 250w, https:\/\/www.giurgiuveanul.ro\/stiri\/wp-content\/uploads\/2023\/10\/000-autoturism-in-flacari-768x432.jpeg 768w, https:\/\/www.giurgiuveanul.ro\/stiri\/wp-content\/uploads\/2023\/10\/000-autoturism-in-flacari-1536x864.jpeg 1536w, https:\/\/www.giurgiuveanul.ro\/stiri\/wp-content\/uploads\/2023\/10\/000-autoturism-in-flacari-400x225.jpeg 400w, https:\/\/www.giurgiuveanul.ro\/stiri\/wp-content\/uploads\/2023\/10\/000-autoturism-in-flacari.jpeg 1920w\" sizes=\"auto, (max-width: 578px) 100vw, 578px\" \/><\/a><\/p>\n<p style=\"text-align: justify;\">Incendiul a fost stins \u00een limitele g\u0103site. Cel mai probabil acesta a fost provocat de un scurtcircuit.<\/p>\n<p style=\"text-align: justify;\">Informare preventiv\u0103:<\/p>\n<p style=\"text-align: justify;\">Pentru a preveni astfel de evenimente, recomand\u0103m respectarea urm\u0103toarelor m\u0103suri:<\/p>\n<p style=\"text-align: justify;\">&#8211; verifica\u0163i instala\u0163ia electric\u0103: aceasta nu trebuie s\u0103 prezinte cabluri neizolate;<\/p>\n<p style=\"text-align: justify;\">&#8211; nu face\u021bi improviza\u021bii la instala\u021bia electric\u0103;<\/p>\n<p style=\"text-align: justify;\">&#8211; asigura\u0163i-v\u0103 c\u0103 echipamentele de iluminat electric nu sunt defecte sau neizolate;<\/p>\n<p style=\"text-align: justify;\">&#8211; verifica\u0163i dac\u0103 apar eventuale scurgeri de carburan\u021bi sau lubrifian\u021bi;<\/p>\n<p style=\"text-align: justify;\">&#8211; verifica\u021bi perioada de garan\u021bie a sting\u0103torului din autovehicul.<\/p>\n<p style=\"text-align: justify;\">Informa\u021bii despre modul de comportare \u00een cazul producerii unor situa\u021bii de urgen\u021b\u0103 pot fi ob\u021binute prin accesarea platformei na\u021bionale de preg\u0103tire \u00een situa\u021bii de urgen\u021b\u0103 <a href=\"https:\/\/fiipregatit.ro\">https:\/\/fiipregatit.ro<\/a>.<\/p>\n","protected":false},"excerpt":{"rendered":"<p>Un autoturism a luat foc, \u00een urm\u0103 cu pu\u021bin timp, \u00een<\/p>\n","protected":false},"author":1,"featured_media":0,"comment_status":"open","ping_status":"open","sticky":false,"template":"","format":"standard","meta":{"footnotes":""},"categories":[6],"tags":[],"class_list":["post-100794","post","type-post","status-publish","format-standard","hentry","category-breaking-news"],"_links":{"self":[{"href":"https:\/\/www.giurgiuveanul.ro\/stiri\/wp-json\/wp\/v2\/posts\/100794","targetHints":{"allow":["GET"]}}],"collection":[{"href":"https:\/\/www.giurgiuveanul.ro\/stiri\/wp-json\/wp\/v2\/posts"}],"about":[{"href":"https:\/\/www.giurgiuveanul.ro\/stiri\/wp-json\/wp\/v2\/types\/post"}],"author":[{"embeddable":true,"href":"https:\/\/www.giurgiuveanul.ro\/stiri\/wp-json\/wp\/v2\/users\/1"}],"replies":[{"embeddable":true,"href":"https:\/\/www.giurgiuveanul.ro\/stiri\/wp-json\/wp\/v2\/comments?post=100794"}],"version-history":[{"count":0,"href":"https:\/\/www.giurgiuveanul.ro\/stiri\/wp-json\/wp\/v2\/posts\/100794\/revisions"}],"wp:attachment":[{"href":"https:\/\/www.giurgiuveanul.ro\/stiri\/wp-json\/wp\/v2\/media?parent=100794"}],"wp:term":[{"taxonomy":"category","embeddable":true,"href":"https:\/\/www.giurgiuveanul.ro\/stiri\/wp-json\/wp\/v2\/categories?post=100794"},{"taxonomy":"post_tag","embeddable":true,"href":"https:\/\/www.giurgiuveanul.ro\/stiri\/wp-json\/wp\/v2\/tags?post=100794"}],"curies":[{"name":"wp","href":"https:\/\/api.w.org\/{rel}","templated":true}]}}