{"id":100800,"date":"2023-10-19T09:29:59","date_gmt":"2023-10-19T06:29:59","guid":{"rendered":"https:\/\/www.giurgiuveanul.ro\/stiri\/?p=100800"},"modified":"2023-10-19T09:29:59","modified_gmt":"2023-10-19T06:29:59","slug":"in-aceasta-dimineata-incendiu-intr-o-gospodarie-din-baneasa","status":"publish","type":"post","link":"https:\/\/www.giurgiuveanul.ro\/stiri\/in-aceasta-dimineata-incendiu-intr-o-gospodarie-din-baneasa\/","title":{"rendered":"\u00cen aceast\u0103 diminea\u0163\u0103, INCENDIU \u00eentr-o gospod\u0103rie din B\u0103neasa!"},"content":{"rendered":"<p style=\"text-align: justify;\"><a href=\"https:\/\/www.giurgiuveanul.ro\/stiri\/wp-content\/uploads\/2023\/10\/000-incendiu-baneasaa.jpeg\"><img loading=\"lazy\" decoding=\"async\" class=\"aligncenter  wp-image-100801\" src=\"https:\/\/www.giurgiuveanul.ro\/stiri\/wp-content\/uploads\/2023\/10\/000-incendiu-baneasaa-560x318.jpeg\" alt=\"\" width=\"569\" height=\"323\" srcset=\"https:\/\/www.giurgiuveanul.ro\/stiri\/wp-content\/uploads\/2023\/10\/000-incendiu-baneasaa-560x318.jpeg 560w, https:\/\/www.giurgiuveanul.ro\/stiri\/wp-content\/uploads\/2023\/10\/000-incendiu-baneasaa-250x142.jpeg 250w, https:\/\/www.giurgiuveanul.ro\/stiri\/wp-content\/uploads\/2023\/10\/000-incendiu-baneasaa-768x436.jpeg 768w, https:\/\/www.giurgiuveanul.ro\/stiri\/wp-content\/uploads\/2023\/10\/000-incendiu-baneasaa-400x227.jpeg 400w, https:\/\/www.giurgiuveanul.ro\/stiri\/wp-content\/uploads\/2023\/10\/000-incendiu-baneasaa.jpeg 1074w\" sizes=\"auto, (max-width: 569px) 100vw, 569px\" \/><\/a>Mai multe<!--more--> anexe au luat foc, \u00een aceast\u0103 diminea\u021b\u0103, \u00eentr-o gospod\u0103rie din localitatea B\u0103neasa. Ajun\u0219i la caz, pompierii au constatat faptul c\u0103 acestea ardeau generalizat, exist\u00e2nd pericolul la fl\u0103c\u0103rile s\u0103 se extind\u0103 \u0219i la locuin\u021b\u0103.<\/p>\n<p style=\"text-align: justify;\">La caz s-au deplasat pompierii din cadrul Deta\u0219amentului Giurgiu \u0219i Punctului de Lucru Greaca, cu trei autospeciale de stingere \u0219i autospeciala pentru interven\u021bie \u0219i salvare de la \u00een\u0103l\u021bime.<\/p>\n<p style=\"text-align: justify;\">Vom reveni cu am\u0103nunte.<\/p>\n","protected":false},"excerpt":{"rendered":"<p>Mai multe<\/p>\n","protected":false},"author":1,"featured_media":0,"comment_status":"open","ping_status":"open","sticky":false,"template":"","format":"standard","meta":{"footnotes":""},"categories":[6],"tags":[],"class_list":["post-100800","post","type-post","status-publish","format-standard","hentry","category-breaking-news"],"_links":{"self":[{"href":"https:\/\/www.giurgiuveanul.ro\/stiri\/wp-json\/wp\/v2\/posts\/100800","targetHints":{"allow":["GET"]}}],"collection":[{"href":"https:\/\/www.giurgiuveanul.ro\/stiri\/wp-json\/wp\/v2\/posts"}],"about":[{"href":"https:\/\/www.giurgiuveanul.ro\/stiri\/wp-json\/wp\/v2\/types\/post"}],"author":[{"embeddable":true,"href":"https:\/\/www.giurgiuveanul.ro\/stiri\/wp-json\/wp\/v2\/users\/1"}],"replies":[{"embeddable":true,"href":"https:\/\/www.giurgiuveanul.ro\/stiri\/wp-json\/wp\/v2\/comments?post=100800"}],"version-history":[{"count":0,"href":"https:\/\/www.giurgiuveanul.ro\/stiri\/wp-json\/wp\/v2\/posts\/100800\/revisions"}],"wp:attachment":[{"href":"https:\/\/www.giurgiuveanul.ro\/stiri\/wp-json\/wp\/v2\/media?parent=100800"}],"wp:term":[{"taxonomy":"category","embeddable":true,"href":"https:\/\/www.giurgiuveanul.ro\/stiri\/wp-json\/wp\/v2\/categories?post=100800"},{"taxonomy":"post_tag","embeddable":true,"href":"https:\/\/www.giurgiuveanul.ro\/stiri\/wp-json\/wp\/v2\/tags?post=100800"}],"curies":[{"name":"wp","href":"https:\/\/api.w.org\/{rel}","templated":true}]}}