{"id":100821,"date":"2023-10-20T11:30:10","date_gmt":"2023-10-20T08:30:10","guid":{"rendered":"https:\/\/www.giurgiuveanul.ro\/stiri\/?p=100821"},"modified":"2023-10-20T11:30:10","modified_gmt":"2023-10-20T08:30:10","slug":"un-tanar-giurgiuvean-a-fost-retinut-pentru-savarsirea-infractiunii-de-furt-calificat","status":"publish","type":"post","link":"https:\/\/www.giurgiuveanul.ro\/stiri\/un-tanar-giurgiuvean-a-fost-retinut-pentru-savarsirea-infractiunii-de-furt-calificat\/","title":{"rendered":"Un t\u00e2n\u0103r giurgiuvean a fost re\u021binut pentru s\u0103v\u00e2r\u0219irea infrac\u021biunii de furt calificat"},"content":{"rendered":"<p style=\"text-align: justify;\"><strong><a href=\"https:\/\/www.giurgiuveanul.ro\/stiri\/wp-content\/uploads\/2023\/02\/Criminalisti-mana-inmanusata.jpg\"><img loading=\"lazy\" decoding=\"async\" class=\"aligncenter  wp-image-95905\" src=\"https:\/\/www.giurgiuveanul.ro\/stiri\/wp-content\/uploads\/2023\/02\/Criminalisti-mana-inmanusata-560x420.jpg\" alt=\"\" width=\"567\" height=\"425\" srcset=\"https:\/\/www.giurgiuveanul.ro\/stiri\/wp-content\/uploads\/2023\/02\/Criminalisti-mana-inmanusata-560x420.jpg 560w, https:\/\/www.giurgiuveanul.ro\/stiri\/wp-content\/uploads\/2023\/02\/Criminalisti-mana-inmanusata-250x188.jpg 250w, https:\/\/www.giurgiuveanul.ro\/stiri\/wp-content\/uploads\/2023\/02\/Criminalisti-mana-inmanusata-400x300.jpg 400w, https:\/\/www.giurgiuveanul.ro\/stiri\/wp-content\/uploads\/2023\/02\/Criminalisti-mana-inmanusata.jpg 750w\" sizes=\"auto, (max-width: 567px) 100vw, 567px\" \/><\/a>Un t\u00e2n\u0103r,<!--more--> din comuna Buturugeni, jude\u021bul Giurgiu a fost re\u021binut de poli\u021bi\u0219tii giurgiuveni, fiind b\u0103nuit de s\u0103v\u00e2r\u0219irea infrac\u021biunii de furt calificat, potrivit IPJ Giurgiu.<\/strong><\/p>\n<p style=\"text-align: justify;\">\n<p style=\"text-align: justify;\">La data de 28 mai a.c., ora 08.35, poli\u021bi\u0219tii Sec\u021biei nr.6 Poli\u021bie Rural\u0103 Mih\u0103ile\u0219ti au fost sesiza\u021bi prin S.N.U.A.U. 112, de c\u0103tre un b\u0103rbat, din comuna Buturugeni, jude\u021bul Giurgiu cu privire la faptul c\u0103 o persoan\u0103 necunoscut\u0103 i-ar fi sustras 27.000 de lei, dintr-o societate comercial\u0103.<\/p>\n<p style=\"text-align: justify;\">\n<p style=\"text-align: justify;\">\u00cen temeiul sesiz\u0103rii, la fa\u021ba locului s-au deplasat poli\u021bi\u0219tii, iar, din primele cercet\u0103ri, a reie\u0219it faptul c\u0103 \u00een noaptea de 27 spre 28 mai a.c., persoane necunoscute ar fi p\u0103truns \u00een interiorul unei societ\u0103\u021bi comerciale, cu sediul \u00een localitatea Buturugeni, prin for\u021barea unei ferestre, de unde ar fi sustras 27.000 de lei.<\/p>\n<p style=\"text-align: justify;\">\n<p style=\"text-align: justify;\">Poli\u021bi\u0219tii au \u00eentocmit un dosar penal sub aspectul s\u0103v\u00e2r\u0219irii infrac\u021biunii de furt calificat.<\/p>\n<p style=\"text-align: justify;\">\n<p style=\"text-align: justify;\">La data de 19 octombrie a.c., pe baza probatoriului administrat, sub coordonarea unui procuror din cadrul Parchetului de pe l\u00e2ng\u0103 Judec\u0103toria Bolintin Vale, persoana b\u0103nuit\u0103 de s\u0103v\u00e2r\u0219irea infrac\u021biunii de furt calificat a fost identificat\u0103, ca fiind un t\u00e2n\u0103r, de 22 de ani, din comuna Buturugeni, jude\u021bul Giurgiu.<\/p>\n<p style=\"text-align: justify;\">\n<p style=\"text-align: justify;\">Acesta a fost re\u021binut, pentru 24 de ore, urm\u00e2nd ca ast\u0103zi s\u0103 fie prezentat instan\u021bei de judecat\u0103, cu propunere de arestare preventiv\u0103.<\/p>\n","protected":false},"excerpt":{"rendered":"<p>Un t\u00e2n\u0103r,<\/p>\n","protected":false},"author":1,"featured_media":0,"comment_status":"open","ping_status":"open","sticky":false,"template":"","format":"standard","meta":{"footnotes":""},"categories":[6],"tags":[],"class_list":["post-100821","post","type-post","status-publish","format-standard","hentry","category-breaking-news"],"_links":{"self":[{"href":"https:\/\/www.giurgiuveanul.ro\/stiri\/wp-json\/wp\/v2\/posts\/100821","targetHints":{"allow":["GET"]}}],"collection":[{"href":"https:\/\/www.giurgiuveanul.ro\/stiri\/wp-json\/wp\/v2\/posts"}],"about":[{"href":"https:\/\/www.giurgiuveanul.ro\/stiri\/wp-json\/wp\/v2\/types\/post"}],"author":[{"embeddable":true,"href":"https:\/\/www.giurgiuveanul.ro\/stiri\/wp-json\/wp\/v2\/users\/1"}],"replies":[{"embeddable":true,"href":"https:\/\/www.giurgiuveanul.ro\/stiri\/wp-json\/wp\/v2\/comments?post=100821"}],"version-history":[{"count":0,"href":"https:\/\/www.giurgiuveanul.ro\/stiri\/wp-json\/wp\/v2\/posts\/100821\/revisions"}],"wp:attachment":[{"href":"https:\/\/www.giurgiuveanul.ro\/stiri\/wp-json\/wp\/v2\/media?parent=100821"}],"wp:term":[{"taxonomy":"category","embeddable":true,"href":"https:\/\/www.giurgiuveanul.ro\/stiri\/wp-json\/wp\/v2\/categories?post=100821"},{"taxonomy":"post_tag","embeddable":true,"href":"https:\/\/www.giurgiuveanul.ro\/stiri\/wp-json\/wp\/v2\/tags?post=100821"}],"curies":[{"name":"wp","href":"https:\/\/api.w.org\/{rel}","templated":true}]}}