{"id":100823,"date":"2023-10-20T15:41:42","date_gmt":"2023-10-20T12:41:42","guid":{"rendered":"https:\/\/www.giurgiuveanul.ro\/stiri\/?p=100823"},"modified":"2023-10-20T15:41:42","modified_gmt":"2023-10-20T12:41:42","slug":"isu-giurgiu-tragedie-o-giurgiuveanca-si-a-pierdut-viata-astazi-intr-un-incendiu","status":"publish","type":"post","link":"https:\/\/www.giurgiuveanul.ro\/stiri\/isu-giurgiu-tragedie-o-giurgiuveanca-si-a-pierdut-viata-astazi-intr-un-incendiu\/","title":{"rendered":"ISU Giurgiu: TRAGEDIE. O giurgiuveanc\u0103 \u015fi-a pierdut via\u0163a, ast\u0103zi, \u00eentr-un incendiu&#8230;"},"content":{"rendered":"<p style=\"text-align: justify;\"><strong><a href=\"https:\/\/www.giurgiuveanul.ro\/stiri\/wp-content\/uploads\/2023\/10\/000-MOARTA-IN-INCENDIU.jpeg\"><img loading=\"lazy\" decoding=\"async\" class=\"aligncenter  wp-image-100824\" src=\"https:\/\/www.giurgiuveanul.ro\/stiri\/wp-content\/uploads\/2023\/10\/000-MOARTA-IN-INCENDIU-560x441.jpeg\" alt=\"\" width=\"579\" height=\"456\" srcset=\"https:\/\/www.giurgiuveanul.ro\/stiri\/wp-content\/uploads\/2023\/10\/000-MOARTA-IN-INCENDIU-560x441.jpeg 560w, https:\/\/www.giurgiuveanul.ro\/stiri\/wp-content\/uploads\/2023\/10\/000-MOARTA-IN-INCENDIU-250x197.jpeg 250w, https:\/\/www.giurgiuveanul.ro\/stiri\/wp-content\/uploads\/2023\/10\/000-MOARTA-IN-INCENDIU-768x605.jpeg 768w, https:\/\/www.giurgiuveanul.ro\/stiri\/wp-content\/uploads\/2023\/10\/000-MOARTA-IN-INCENDIU-400x315.jpeg 400w, https:\/\/www.giurgiuveanul.ro\/stiri\/wp-content\/uploads\/2023\/10\/000-MOARTA-IN-INCENDIU.jpeg 1200w\" sizes=\"auto, (max-width: 579px) 100vw, 579px\" \/><\/a>O femeie, \u00een v\u00e2rst\u0103 de<!--more--> 57 de ani, \u0219i-a pierdut via\u021ba, ast\u0103zi, \u00een urma unui incendiu ce a izbucnit \u00een locuin\u021ba sa. So\u021bul acesteia, de 68 de ani, a suferit arsuri la nivelul membrelor inferioare \u0219i la fa\u021b\u0103. Acesta a fost preluat de un echipaj de ambulan\u021b\u0103 \u0219i transportat la un\u00a0 spital din capital\u0103, informeaz\u0103 ISU Giurgiu.<\/strong><\/p>\n<p style=\"text-align: justify;\">S-a \u00eent\u00e2mplat \u00een localitatea Aduna\u0163ii-Cop\u0103ceni.<\/p>\n<p style=\"text-align: justify;\">La caz s-au deplasat pompierii din cadrul Punctului de Lucru C\u0103lug\u0103reni, Deta\u0219amentului Giurgiu, Sta\u021biilor Mih\u0103ile\u0219ti \u0219i Coliba\u0219i, cu trei autospeciale de stingere, o autospecial\u0103 pentru interven\u021bie \u0219i salvare de la \u00een\u0103l\u021bime \u0219i o ambulan\u021b\u0103 SAJ.<\/p>\n<p style=\"text-align: justify;\">\n<p style=\"text-align: justify;\">Pompierii au constatat faptul c\u0103 \u00een curtea respectiv\u0103 erau dou\u0103 case, apropiate una de cealalt\u0103. Incendiul se manifesta generalizat la prima dintre acestea, pe o suprafa\u021b\u0103 de aproximativ 40 mp, iar fl\u0103c\u0103rile s-au extins \u0219i la cea de-a doua locuin\u021b\u0103, unde au fost afectate dou\u0103 dormitoare, livingul \u0219i o parte din pod. Au ars mobilier, obiecte \u0219i bunuri personale.<\/p>\n<p style=\"text-align: justify;\">\n<p style=\"text-align: justify;\">Cel mai probabil incendiul a izbucnit in dormitorul \u00een care se afla femeia \u0219i a fost provocat de un scurtcircuit.<\/p>\n<p style=\"text-align: justify;\">\n<p style=\"text-align: justify;\">Informare preventiv\u0103<\/p>\n<p style=\"text-align: justify;\">\n<p style=\"text-align: justify;\">Pentru \u00eenl\u0103turarea pericolului de incendiu ce poate ap\u0103rea pe timpul exploat\u0103rii instala\u021biei electrice, trebuie adoptate urm\u0103toarele m\u0103suri:<\/p>\n<p style=\"text-align: justify;\">\n<p style=\"text-align: justify;\">&#8211; verifica\u021bi periodic instala\u0163ia electric\u0103, cu ajutorul personalului autorizat;<\/p>\n<p style=\"text-align: justify;\">&#8211;\u00a0\u00a0\u00a0\u00a0\u00a0\u00a0 nu alimenta\u0163i mai mul\u0163i consumatori electrici din acela\u015fi prelungitor, concomitent;<\/p>\n<p style=\"text-align: justify;\">\n<p style=\"text-align: justify;\">&#8211;\u00a0\u00a0\u00a0\u00a0\u00a0\u00a0 nu folosi\u0163i prize sau \u00eentrerup\u0103toare sl\u0103bite. \u00cen cazul \u00een care observa\u0163i c\u0103 priza se mi\u015fc\u0103 sau c\u0103 \u00een jurul \u00eentrerup\u0103torului exist\u0103 orificii libere, cere\u0163i ajutorul unui specialist pentru schimbarea prizei\/\u00eentrerup\u0103torului \u015fi pentru izolarea zonei respective;<\/p>\n<p style=\"text-align: justify;\">\n<p style=\"text-align: justify;\">&#8211;\u00a0\u00a0\u00a0\u00a0\u00a0\u00a0 nu utiliza\u0163i aparate electrice care au conductorii de alimentare uza\u0163i, deteriora\u0163i sau care nu mai au \u015ftecher;<\/p>\n<p style=\"text-align: justify;\">&#8211;\u00a0\u00a0\u00a0\u00a0\u00a0\u00a0 nu l\u0103sa\u0163i aparatele electrice sub tensiune c\u00e2nd nu le folosi\u0163i deoarece acestea pot fi oric\u00e2nd surse generatoare de incendiu;<\/p>\n<p style=\"text-align: justify;\">\n<p style=\"text-align: justify;\">&#8211; nu folosi\u0163i instala\u0163ii electrice improvizate. Fie c\u0103 este vorba de repara\u0163ia unui aparat electrocasnic, de prelungirea traseului unui cablu sau de repararea unei siguran\u0163e, improviza\u0163iile reprezint\u0103 pot conduce la un incendiu. Orice eroare de prindere sau de izola\u0163ie poate crea un scurtcircuit sau o desc\u0103rcare de curent.<\/p>\n","protected":false},"excerpt":{"rendered":"<p>O femeie, \u00een v\u00e2rst\u0103 de<\/p>\n","protected":false},"author":1,"featured_media":0,"comment_status":"open","ping_status":"open","sticky":false,"template":"","format":"standard","meta":{"footnotes":""},"categories":[6],"tags":[],"class_list":["post-100823","post","type-post","status-publish","format-standard","hentry","category-breaking-news"],"_links":{"self":[{"href":"https:\/\/www.giurgiuveanul.ro\/stiri\/wp-json\/wp\/v2\/posts\/100823","targetHints":{"allow":["GET"]}}],"collection":[{"href":"https:\/\/www.giurgiuveanul.ro\/stiri\/wp-json\/wp\/v2\/posts"}],"about":[{"href":"https:\/\/www.giurgiuveanul.ro\/stiri\/wp-json\/wp\/v2\/types\/post"}],"author":[{"embeddable":true,"href":"https:\/\/www.giurgiuveanul.ro\/stiri\/wp-json\/wp\/v2\/users\/1"}],"replies":[{"embeddable":true,"href":"https:\/\/www.giurgiuveanul.ro\/stiri\/wp-json\/wp\/v2\/comments?post=100823"}],"version-history":[{"count":0,"href":"https:\/\/www.giurgiuveanul.ro\/stiri\/wp-json\/wp\/v2\/posts\/100823\/revisions"}],"wp:attachment":[{"href":"https:\/\/www.giurgiuveanul.ro\/stiri\/wp-json\/wp\/v2\/media?parent=100823"}],"wp:term":[{"taxonomy":"category","embeddable":true,"href":"https:\/\/www.giurgiuveanul.ro\/stiri\/wp-json\/wp\/v2\/categories?post=100823"},{"taxonomy":"post_tag","embeddable":true,"href":"https:\/\/www.giurgiuveanul.ro\/stiri\/wp-json\/wp\/v2\/tags?post=100823"}],"curies":[{"name":"wp","href":"https:\/\/api.w.org\/{rel}","templated":true}]}}