{"id":100834,"date":"2023-10-21T12:55:19","date_gmt":"2023-10-21T09:55:19","guid":{"rendered":"https:\/\/www.giurgiuveanul.ro\/stiri\/?p=100834"},"modified":"2023-10-21T12:56:27","modified_gmt":"2023-10-21T09:56:27","slug":"doi-urmariti-international-depistati-de-serviciului-de-investigatii-criminale","status":"publish","type":"post","link":"https:\/\/www.giurgiuveanul.ro\/stiri\/doi-urmariti-international-depistati-de-serviciului-de-investigatii-criminale\/","title":{"rendered":"Doi urm\u0103ri\u021bi interna\u021bional, depista\u021bi de poli\u0163i\u015ftii Serviciului de Investiga\u021bii Criminale"},"content":{"rendered":"<p style=\"text-align: justify;\"><strong><a href=\"https:\/\/www.giurgiuveanul.ro\/stiri\/wp-content\/uploads\/2023\/09\/investigatii-criminale-politie-.jpg\"><img loading=\"lazy\" decoding=\"async\" class=\"aligncenter wp-image-100202\" src=\"https:\/\/www.giurgiuveanul.ro\/stiri\/wp-content\/uploads\/2023\/09\/investigatii-criminale-politie-.jpg\" alt=\"\" width=\"572\" height=\"323\" srcset=\"https:\/\/www.giurgiuveanul.ro\/stiri\/wp-content\/uploads\/2023\/09\/investigatii-criminale-politie-.jpg 560w, https:\/\/www.giurgiuveanul.ro\/stiri\/wp-content\/uploads\/2023\/09\/investigatii-criminale-politie--250x141.jpg 250w, https:\/\/www.giurgiuveanul.ro\/stiri\/wp-content\/uploads\/2023\/09\/investigatii-criminale-politie--400x226.jpg 400w\" sizes=\"auto, (max-width: 572px) 100vw, 572px\" \/><\/a>Poli\u021bi\u0219ti din cadrul Serviciului de Investiga\u021bii Criminale<!--more--> au organizat, la data de 20 octombrie a.c., \u00a0o ac\u0163iune pe linia persoanelor urm\u0103rite, \u00een municipiul Giurgiu, ocazie cu care au depistat doi b\u0103rba\u021bi, de 35 de ani (din comuna Vedea, jude\u021bul Giurgiu), respectiv unul de 47 de ani (din municipiul Giurgiu), ambii urm\u0103ri\u021bi interna\u021bional.<\/strong><\/p>\n<p style=\"text-align: justify;\">Pe numele celor dou\u0103 persoane, autorit\u0103\u0163ile judiciare din Italia au emis mandate europene de arestare pentru s\u0103v\u00e2r\u015firea infrac\u021biunii de furt calificat.<\/p>\n<p style=\"text-align: justify;\">B\u0103rba\u021bii au fost prezenta\u021bi Parchetului de pe l\u00e2ng\u0103 Curtea de Apel Bucure\u0219ti, care a dispus re\u0163inerea acestora, fiind depu\u0219i \u00een Centrul de Re\u0163inere \u015fi Arestare Preventiv\u0103 din cadrul D.G.P.M.B.<\/p>\n<p style=\"text-align: justify;\">Ast\u0103zi, 21 octombrie a.c., ace\u0219tia vor fi prezenta\u021bi instan\u021bei de judecat\u0103 cu propuneri procedurale, \u00een vederea extr\u0103d\u0103rii.<\/p>\n","protected":false},"excerpt":{"rendered":"<p>Poli\u021bi\u0219ti din cadrul Serviciului de Investiga\u021bii Criminale<\/p>\n","protected":false},"author":1,"featured_media":0,"comment_status":"open","ping_status":"open","sticky":false,"template":"","format":"standard","meta":{"footnotes":""},"categories":[6],"tags":[],"class_list":["post-100834","post","type-post","status-publish","format-standard","hentry","category-breaking-news"],"_links":{"self":[{"href":"https:\/\/www.giurgiuveanul.ro\/stiri\/wp-json\/wp\/v2\/posts\/100834","targetHints":{"allow":["GET"]}}],"collection":[{"href":"https:\/\/www.giurgiuveanul.ro\/stiri\/wp-json\/wp\/v2\/posts"}],"about":[{"href":"https:\/\/www.giurgiuveanul.ro\/stiri\/wp-json\/wp\/v2\/types\/post"}],"author":[{"embeddable":true,"href":"https:\/\/www.giurgiuveanul.ro\/stiri\/wp-json\/wp\/v2\/users\/1"}],"replies":[{"embeddable":true,"href":"https:\/\/www.giurgiuveanul.ro\/stiri\/wp-json\/wp\/v2\/comments?post=100834"}],"version-history":[{"count":0,"href":"https:\/\/www.giurgiuveanul.ro\/stiri\/wp-json\/wp\/v2\/posts\/100834\/revisions"}],"wp:attachment":[{"href":"https:\/\/www.giurgiuveanul.ro\/stiri\/wp-json\/wp\/v2\/media?parent=100834"}],"wp:term":[{"taxonomy":"category","embeddable":true,"href":"https:\/\/www.giurgiuveanul.ro\/stiri\/wp-json\/wp\/v2\/categories?post=100834"},{"taxonomy":"post_tag","embeddable":true,"href":"https:\/\/www.giurgiuveanul.ro\/stiri\/wp-json\/wp\/v2\/tags?post=100834"}],"curies":[{"name":"wp","href":"https:\/\/api.w.org\/{rel}","templated":true}]}}