{"id":100839,"date":"2023-10-22T17:48:37","date_gmt":"2023-10-22T14:48:37","guid":{"rendered":"https:\/\/www.giurgiuveanul.ro\/stiri\/?p=100839"},"modified":"2023-10-22T17:48:37","modified_gmt":"2023-10-22T14:48:37","slug":"autoturism-mistuit-de-flacari-2","status":"publish","type":"post","link":"https:\/\/www.giurgiuveanul.ro\/stiri\/autoturism-mistuit-de-flacari-2\/","title":{"rendered":"Autoturism mistuit de fl\u0103c\u0103ri!"},"content":{"rendered":"<p style=\"text-align: justify;\"><strong><a href=\"https:\/\/www.giurgiuveanul.ro\/stiri\/wp-content\/uploads\/2023\/10\/000-autoturism-arde.jpg\"><img loading=\"lazy\" decoding=\"async\" class=\"aligncenter  wp-image-100840\" src=\"https:\/\/www.giurgiuveanul.ro\/stiri\/wp-content\/uploads\/2023\/10\/000-autoturism-arde-560x443.jpg\" alt=\"\" width=\"575\" height=\"455\" srcset=\"https:\/\/www.giurgiuveanul.ro\/stiri\/wp-content\/uploads\/2023\/10\/000-autoturism-arde-560x443.jpg 560w, https:\/\/www.giurgiuveanul.ro\/stiri\/wp-content\/uploads\/2023\/10\/000-autoturism-arde-250x198.jpg 250w, https:\/\/www.giurgiuveanul.ro\/stiri\/wp-content\/uploads\/2023\/10\/000-autoturism-arde-768x607.jpg 768w, https:\/\/www.giurgiuveanul.ro\/stiri\/wp-content\/uploads\/2023\/10\/000-autoturism-arde-1536x1214.jpg 1536w, https:\/\/www.giurgiuveanul.ro\/stiri\/wp-content\/uploads\/2023\/10\/000-autoturism-arde-400x316.jpg 400w, https:\/\/www.giurgiuveanul.ro\/stiri\/wp-content\/uploads\/2023\/10\/000-autoturism-arde.jpg 2031w\" sizes=\"auto, (max-width: 575px) 100vw, 575px\" \/><\/a>Un autoturism a luat foc,<!--more--> asear\u0103, pe o strad\u0103 din localitatea Ghimpa\u021bi. \u00cen momentul \u00een care s-a produs incendiul, ma\u0219ina era parcat\u0103 \u00een fa\u021ba casei.<\/strong><\/p>\n<p style=\"text-align: justify;\">\n<p style=\"text-align: justify;\">Ajun\u0219i la fa\u021ba locului cu o autospecial\u0103 de stingere \u0219i o ambulan\u021b\u0103 SMURD, pompierii din cadrul Sta\u021biei Mih\u0103ile\u0219ti au constatat faptul c\u0103 autoturismul ardea generalizat. Din fericire, nu au fost persoane r\u0103nite.<\/p>\n<p style=\"text-align: justify;\">\n<p style=\"text-align: justify;\">Pompierii au reu\u0219it s\u0103 limiteze propagarea fl\u0103c\u0103rilor la lemnele de foc depozitate \u00een apropiere.<\/p>\n<p style=\"text-align: justify;\">\n<p style=\"text-align: justify;\">Incendiul a fost stins \u00een limitele g\u0103site. Cel mai probabil acesta a fost provocat de un scurtcircuit.<\/p>\n<p style=\"text-align: justify;\">\n<p style=\"text-align: justify;\">Informare preventiv\u0103:<\/p>\n<p style=\"text-align: justify;\">Pentru a preveni astfel de evenimente, recomand\u0103m respectarea urm\u0103toarelor m\u0103suri:<\/p>\n<p style=\"text-align: justify;\">&#8211; verifica\u0163i instala\u0163ia electric\u0103: aceasta nu trebuie s\u0103 prezinte cabluri neizolate;<\/p>\n<p style=\"text-align: justify;\">&#8211; nu face\u021bi improviza\u021bii la instala\u021bia electric\u0103;<\/p>\n<p style=\"text-align: justify;\">&#8211; asigura\u0163i-v\u0103 c\u0103 echipamentele de iluminat electric nu sunt defecte sau neizolate;<\/p>\n<p style=\"text-align: justify;\">&#8211; verifica\u0163i dac\u0103 apar eventuale scurgeri de carburan\u021bi sau lubrifian\u021bi;<\/p>\n<p style=\"text-align: justify;\">&#8211; verifica\u021bi perioada de garan\u021bie a sting\u0103torului din autovehicul.<\/p>\n<p style=\"text-align: justify;\"><strong>Informa\u021bii despre modul de comportare \u00een cazul producerii unor situa\u021bii de urgen\u021b\u0103 pot fi ob\u021binute prin accesarea platformei na\u021bionale de preg\u0103tire \u00een situa\u021bii de urgen\u021b\u0103 <a href=\"https:\/\/fiipregatit.ro\">https:\/\/fiipregatit.ro<\/a> .<\/strong><\/p>\n","protected":false},"excerpt":{"rendered":"<p>Un autoturism a luat foc,<\/p>\n","protected":false},"author":1,"featured_media":0,"comment_status":"open","ping_status":"open","sticky":false,"template":"","format":"standard","meta":{"footnotes":""},"categories":[6],"tags":[],"class_list":["post-100839","post","type-post","status-publish","format-standard","hentry","category-breaking-news"],"_links":{"self":[{"href":"https:\/\/www.giurgiuveanul.ro\/stiri\/wp-json\/wp\/v2\/posts\/100839","targetHints":{"allow":["GET"]}}],"collection":[{"href":"https:\/\/www.giurgiuveanul.ro\/stiri\/wp-json\/wp\/v2\/posts"}],"about":[{"href":"https:\/\/www.giurgiuveanul.ro\/stiri\/wp-json\/wp\/v2\/types\/post"}],"author":[{"embeddable":true,"href":"https:\/\/www.giurgiuveanul.ro\/stiri\/wp-json\/wp\/v2\/users\/1"}],"replies":[{"embeddable":true,"href":"https:\/\/www.giurgiuveanul.ro\/stiri\/wp-json\/wp\/v2\/comments?post=100839"}],"version-history":[{"count":0,"href":"https:\/\/www.giurgiuveanul.ro\/stiri\/wp-json\/wp\/v2\/posts\/100839\/revisions"}],"wp:attachment":[{"href":"https:\/\/www.giurgiuveanul.ro\/stiri\/wp-json\/wp\/v2\/media?parent=100839"}],"wp:term":[{"taxonomy":"category","embeddable":true,"href":"https:\/\/www.giurgiuveanul.ro\/stiri\/wp-json\/wp\/v2\/categories?post=100839"},{"taxonomy":"post_tag","embeddable":true,"href":"https:\/\/www.giurgiuveanul.ro\/stiri\/wp-json\/wp\/v2\/tags?post=100839"}],"curies":[{"name":"wp","href":"https:\/\/api.w.org\/{rel}","templated":true}]}}