{"id":100865,"date":"2023-10-23T16:13:53","date_gmt":"2023-10-23T13:13:53","guid":{"rendered":"https:\/\/www.giurgiuveanul.ro\/stiri\/?p=100865"},"modified":"2023-10-23T16:17:40","modified_gmt":"2023-10-23T13:17:40","slug":"persoana-gasita-decedata-intr-un-imobil-de-pe-strada-garii-in-municipiul-giurgiu","status":"publish","type":"post","link":"https:\/\/www.giurgiuveanul.ro\/stiri\/persoana-gasita-decedata-intr-un-imobil-de-pe-strada-garii-in-municipiul-giurgiu\/","title":{"rendered":"Persoan\u0103 g\u0103sit\u0103 decedat\u0103 \u00eentr-un imobil de pe strada G\u0103rii, \u00een municipiul Giurgiu"},"content":{"rendered":"<p style=\"text-align: justify;\"><strong><a href=\"https:\/\/www.giurgiuveanul.ro\/stiri\/wp-content\/uploads\/2023\/02\/Criminalisti-mana-inmanusata.jpg\"><img loading=\"lazy\" decoding=\"async\" class=\"aligncenter wp-image-95905\" src=\"https:\/\/www.giurgiuveanul.ro\/stiri\/wp-content\/uploads\/2023\/02\/Criminalisti-mana-inmanusata-560x420.jpg\" alt=\"\" width=\"573\" height=\"430\" srcset=\"https:\/\/www.giurgiuveanul.ro\/stiri\/wp-content\/uploads\/2023\/02\/Criminalisti-mana-inmanusata-560x420.jpg 560w, https:\/\/www.giurgiuveanul.ro\/stiri\/wp-content\/uploads\/2023\/02\/Criminalisti-mana-inmanusata-250x188.jpg 250w, https:\/\/www.giurgiuveanul.ro\/stiri\/wp-content\/uploads\/2023\/02\/Criminalisti-mana-inmanusata-400x300.jpg 400w, https:\/\/www.giurgiuveanul.ro\/stiri\/wp-content\/uploads\/2023\/02\/Criminalisti-mana-inmanusata.jpg 750w\" sizes=\"auto, (max-width: 573px) 100vw, 573px\" \/><\/a>Ast\u0103zi, la ora 12.20, Poli\u021bia Municipiului Giurgiu<!--more--> a fost sesizat\u0103 prin apel 112, de c\u0103tre o femeie, cu privire la faptul c\u0103, \u00eentr-un imobil de pe strada G\u0103rii, din municipiul Giurgiu, se afl\u0103 o persoan\u0103, posibil decedat\u0103, informeaz\u0103 IPJ Giurgiu<\/strong><\/p>\n<p style=\"text-align: justify;\">\u00cen temeiul sesiz\u0103rii, la fa\u021ba locului s-a deplasat echipa operativ\u0103, care a identificat cadavrul unui b\u0103rbat, de 69 de ani, din municipiul Giurgiu.<\/p>\n<p style=\"text-align: justify;\">Cadavrul a fost transportat la morg\u0103, pentru efectuarea necropsiei.<\/p>\n<p style=\"text-align: justify;\">Cercet\u0103rile sunt continuate, sub coordonarea procurorului din cadrul Parchetului de pe l\u00e2ng\u0103 Tribunalul Giurgiu, pentru stabilirea tuturor \u00eemprejur\u0103rilor \u00een care a survenit decesul.<\/p>\n","protected":false},"excerpt":{"rendered":"<p>Ast\u0103zi, la ora 12.20, Poli\u021bia Municipiului Giurgiu<\/p>\n","protected":false},"author":1,"featured_media":0,"comment_status":"open","ping_status":"open","sticky":false,"template":"","format":"standard","meta":{"footnotes":""},"categories":[6],"tags":[],"class_list":["post-100865","post","type-post","status-publish","format-standard","hentry","category-breaking-news"],"_links":{"self":[{"href":"https:\/\/www.giurgiuveanul.ro\/stiri\/wp-json\/wp\/v2\/posts\/100865","targetHints":{"allow":["GET"]}}],"collection":[{"href":"https:\/\/www.giurgiuveanul.ro\/stiri\/wp-json\/wp\/v2\/posts"}],"about":[{"href":"https:\/\/www.giurgiuveanul.ro\/stiri\/wp-json\/wp\/v2\/types\/post"}],"author":[{"embeddable":true,"href":"https:\/\/www.giurgiuveanul.ro\/stiri\/wp-json\/wp\/v2\/users\/1"}],"replies":[{"embeddable":true,"href":"https:\/\/www.giurgiuveanul.ro\/stiri\/wp-json\/wp\/v2\/comments?post=100865"}],"version-history":[{"count":0,"href":"https:\/\/www.giurgiuveanul.ro\/stiri\/wp-json\/wp\/v2\/posts\/100865\/revisions"}],"wp:attachment":[{"href":"https:\/\/www.giurgiuveanul.ro\/stiri\/wp-json\/wp\/v2\/media?parent=100865"}],"wp:term":[{"taxonomy":"category","embeddable":true,"href":"https:\/\/www.giurgiuveanul.ro\/stiri\/wp-json\/wp\/v2\/categories?post=100865"},{"taxonomy":"post_tag","embeddable":true,"href":"https:\/\/www.giurgiuveanul.ro\/stiri\/wp-json\/wp\/v2\/tags?post=100865"}],"curies":[{"name":"wp","href":"https:\/\/api.w.org\/{rel}","templated":true}]}}