{"id":100884,"date":"2023-10-24T09:52:22","date_gmt":"2023-10-24T06:52:22","guid":{"rendered":"https:\/\/www.giurgiuveanul.ro\/stiri\/?p=100884"},"modified":"2023-10-24T09:52:22","modified_gmt":"2023-10-24T06:52:22","slug":"astazi-se-va-asterne-ultimul-strat-de-asfalt-pe-b-dul-i-c-bratianu-tronsonul-cuprins-intre-str-1907-si-str-tudor-vianu","status":"publish","type":"post","link":"https:\/\/www.giurgiuveanul.ro\/stiri\/astazi-se-va-asterne-ultimul-strat-de-asfalt-pe-b-dul-i-c-bratianu-tronsonul-cuprins-intre-str-1907-si-str-tudor-vianu\/","title":{"rendered":"Ast\u0103zi se va a\u015fterne ultimul strat de asfalt pe b-dul I.C. Br\u0103tianu, tronsonul cuprins \u00eentre str. 1907 \u0219i str. Tudor Vianu"},"content":{"rendered":"<p style=\"text-align: justify;\"><a href=\"https:\/\/www.giurgiuveanul.ro\/stiri\/wp-content\/uploads\/2023\/10\/000-primaria-giurgiu.jpg\"><img loading=\"lazy\" decoding=\"async\" class=\"aligncenter  wp-image-100885\" src=\"https:\/\/www.giurgiuveanul.ro\/stiri\/wp-content\/uploads\/2023\/10\/000-primaria-giurgiu-560x360.jpg\" alt=\"\" width=\"568\" height=\"365\" srcset=\"https:\/\/www.giurgiuveanul.ro\/stiri\/wp-content\/uploads\/2023\/10\/000-primaria-giurgiu-560x360.jpg 560w, https:\/\/www.giurgiuveanul.ro\/stiri\/wp-content\/uploads\/2023\/10\/000-primaria-giurgiu-250x161.jpg 250w, https:\/\/www.giurgiuveanul.ro\/stiri\/wp-content\/uploads\/2023\/10\/000-primaria-giurgiu-768x494.jpg 768w, https:\/\/www.giurgiuveanul.ro\/stiri\/wp-content\/uploads\/2023\/10\/000-primaria-giurgiu-1536x987.jpg 1536w, https:\/\/www.giurgiuveanul.ro\/stiri\/wp-content\/uploads\/2023\/10\/000-primaria-giurgiu-400x257.jpg 400w, https:\/\/www.giurgiuveanul.ro\/stiri\/wp-content\/uploads\/2023\/10\/000-primaria-giurgiu.jpg 2048w\" sizes=\"auto, (max-width: 568px) 100vw, 568px\" \/><\/a>Ast\u0103zi,<!--more--> 24 octombrie, se va proceda la a\u0219ternerea ultimului strat de asfalt pe b-dul I.C. Br\u0103tianu, tronsonul cuprins \u00eentre str. 1907 \u0219i str. Tudor Vianu, iar miercuri &#8211; 25 octombrie opera\u021biunea va continua p\u00e2n\u0103 la Pia\u021ba G\u0103rii.<\/p>\n<p style=\"text-align: justify;\">\u00cen acest sens, facem apel la locuitorii din zon\u0103, pentru a nu l\u0103sa autovehicule parcate pe carosabil.<\/p>\n","protected":false},"excerpt":{"rendered":"<p>Ast\u0103zi,<\/p>\n","protected":false},"author":1,"featured_media":0,"comment_status":"open","ping_status":"open","sticky":false,"template":"","format":"standard","meta":{"footnotes":""},"categories":[6],"tags":[],"class_list":["post-100884","post","type-post","status-publish","format-standard","hentry","category-breaking-news"],"_links":{"self":[{"href":"https:\/\/www.giurgiuveanul.ro\/stiri\/wp-json\/wp\/v2\/posts\/100884","targetHints":{"allow":["GET"]}}],"collection":[{"href":"https:\/\/www.giurgiuveanul.ro\/stiri\/wp-json\/wp\/v2\/posts"}],"about":[{"href":"https:\/\/www.giurgiuveanul.ro\/stiri\/wp-json\/wp\/v2\/types\/post"}],"author":[{"embeddable":true,"href":"https:\/\/www.giurgiuveanul.ro\/stiri\/wp-json\/wp\/v2\/users\/1"}],"replies":[{"embeddable":true,"href":"https:\/\/www.giurgiuveanul.ro\/stiri\/wp-json\/wp\/v2\/comments?post=100884"}],"version-history":[{"count":0,"href":"https:\/\/www.giurgiuveanul.ro\/stiri\/wp-json\/wp\/v2\/posts\/100884\/revisions"}],"wp:attachment":[{"href":"https:\/\/www.giurgiuveanul.ro\/stiri\/wp-json\/wp\/v2\/media?parent=100884"}],"wp:term":[{"taxonomy":"category","embeddable":true,"href":"https:\/\/www.giurgiuveanul.ro\/stiri\/wp-json\/wp\/v2\/categories?post=100884"},{"taxonomy":"post_tag","embeddable":true,"href":"https:\/\/www.giurgiuveanul.ro\/stiri\/wp-json\/wp\/v2\/tags?post=100884"}],"curies":[{"name":"wp","href":"https:\/\/api.w.org\/{rel}","templated":true}]}}