{"id":100892,"date":"2023-10-24T18:17:07","date_gmt":"2023-10-24T15:17:07","guid":{"rendered":"https:\/\/www.giurgiuveanul.ro\/stiri\/?p=100892"},"modified":"2023-10-24T18:30:08","modified_gmt":"2023-10-24T15:30:08","slug":"mirel-jantea-un-primar-hotarat-si-destoinic-pentru-locuitorii-comunei-malu-imi-doresc-ca-aceasta-comuna-sa-arate-ca-un-orasel","status":"publish","type":"post","link":"https:\/\/www.giurgiuveanul.ro\/stiri\/mirel-jantea-un-primar-hotarat-si-destoinic-pentru-locuitorii-comunei-malu-imi-doresc-ca-aceasta-comuna-sa-arate-ca-un-orasel\/","title":{"rendered":"Mirel Jantea, un primar hot\u0103r\u00e2t \u015fi destoinic pentru locuitorii comunei Malu: \u201e\u00cemi doresc ca aceast\u0103 comun\u0103 s\u0103 arate ca un or\u0103\u015fel!\u201d"},"content":{"rendered":"<p style=\"text-align: justify;\"><a href=\"https:\/\/www.giurgiuveanul.ro\/stiri\/wp-content\/uploads\/2023\/10\/0-Mirel-Jantea-primar-malu.jpg\"><img loading=\"lazy\" decoding=\"async\" class=\"aligncenter wp-image-100893\" src=\"https:\/\/www.giurgiuveanul.ro\/stiri\/wp-content\/uploads\/2023\/10\/0-Mirel-Jantea-primar-malu-560x378.jpg\" alt=\"\" width=\"573\" height=\"387\" srcset=\"https:\/\/www.giurgiuveanul.ro\/stiri\/wp-content\/uploads\/2023\/10\/0-Mirel-Jantea-primar-malu-560x378.jpg 560w, https:\/\/www.giurgiuveanul.ro\/stiri\/wp-content\/uploads\/2023\/10\/0-Mirel-Jantea-primar-malu-250x169.jpg 250w, https:\/\/www.giurgiuveanul.ro\/stiri\/wp-content\/uploads\/2023\/10\/0-Mirel-Jantea-primar-malu-768x518.jpg 768w, https:\/\/www.giurgiuveanul.ro\/stiri\/wp-content\/uploads\/2023\/10\/0-Mirel-Jantea-primar-malu-1536x1037.jpg 1536w, https:\/\/www.giurgiuveanul.ro\/stiri\/wp-content\/uploads\/2023\/10\/0-Mirel-Jantea-primar-malu-400x270.jpg 400w, https:\/\/www.giurgiuveanul.ro\/stiri\/wp-content\/uploads\/2023\/10\/0-Mirel-Jantea-primar-malu.jpg 2048w\" sizes=\"auto, (max-width: 573px) 100vw, 573px\" \/><\/a>Destinele comunei Malu sunt conduse de <strong>Mirel Jantea<\/strong>, un primar destoinic si<!--more--> devotat locuitorilor ei. Pe edilul-\u015fef al comunei Malu \u00eel prinzi foarte rar liber.<\/p>\n<p style=\"text-align: justify;\">\u00cen majoritatea timpului s\u0103u merge pe teren, unde este nevoie de el, iar atunci c\u00e2nd vine la biroul din Prim\u0103rie r\u0103spunde la solicit\u0103rile cet\u0103\u0163enilor, care i se adreseaz\u0103 cu diferite probleme.<\/p>\n<p style=\"text-align: justify;\">De altfel, de c\u00e2nd este \u00een fruntea administra\u0163iei publice locale, edilul-\u015fef Mirel Jantea are cu ce se l\u0103uda.<\/p>\n<p style=\"text-align: justify;\"><strong>A finalizat o \u015fcoal\u0103, urmeaz\u0103 s\u0103 finalizeze c\u0103minul cultural, este \u00een lucru proiectul de introducere a gazelor naturale, de asemenea s\u0103 se ini\u0163ieze licita\u0163ia pentru ap\u0103.<\/strong><\/p>\n<p style=\"text-align: justify;\">Totodat\u0103, <strong>a reu\u015fit s\u0103 ob\u0163in\u0103 finan\u0163area unui proiect viz\u00e2nd realizarea unui drum de acces spre izlazul comunei<\/strong>, pentru a ajuta cet\u0103\u0163enii s\u0103 \u00ee\u015fi aduc\u0103 recolta din c\u00e2mp.<\/p>\n<p style=\"text-align: justify;\"><em>\u201eDar, cel mai important lucru pentru noi este refacerea \u00een totalitate a sistemului de ap\u0103 potabil\u0103 al comunei, pentru c\u0103 ne confrunt\u0103m cu probleme mari, \u00een condi\u0163iile \u00een care vorbim de o sta\u0163ie \u00eenvechit\u0103 care nu mai face consumului. De aceea, vom realiza o sta\u0163ie nou\u0103, vom fora dou\u0103 pu\u0163uri, pentru a nu mai \u00eent\u00e2mpina problema sist\u0103rii apei \u015fi cea a presiunii. La momentul acela, sistemul de ap\u0103 potabil\u0103 a fost proiectat pe un num\u0103r redus de consumatori, av\u00e2nd \u00een vedere c\u0103 deserve\u015fte \u015fi comuna Vedea, iar oamenii folosesc apa din re\u0163ea \u015fi pentru a uda \u00een gr\u0103dini\u201d,<\/em> ne-a declarat <strong>primarul Mirel Jantea<\/strong>.<\/p>\n<p style=\"text-align: justify;\">Acest <strong>proiect este finan\u0163at prin programul Anghel Saligny \u015fi are o valoare de zece milioane<\/strong>.<\/p>\n<p style=\"text-align: justify;\">Edilul-\u015fef al comunei Malu ne-a mai spus: <em>\u201eLucrez la un proiect de sistematizare a infrastructurii rutiere a comunei, cu canalizare pluvial\u0103, cu refacere de totuare pentru c\u0103 \u00eemi doresc ca aceast\u0103 comun\u0103 s\u0103 arate ca un or\u0103\u015fel\u201d.<\/em><\/p>\n","protected":false},"excerpt":{"rendered":"<p>Destinele comunei Malu sunt conduse de Mirel Jantea, un primar destoinic si<\/p>\n","protected":false},"author":1,"featured_media":0,"comment_status":"open","ping_status":"open","sticky":false,"template":"","format":"standard","meta":{"footnotes":""},"categories":[6],"tags":[],"class_list":["post-100892","post","type-post","status-publish","format-standard","hentry","category-breaking-news"],"_links":{"self":[{"href":"https:\/\/www.giurgiuveanul.ro\/stiri\/wp-json\/wp\/v2\/posts\/100892","targetHints":{"allow":["GET"]}}],"collection":[{"href":"https:\/\/www.giurgiuveanul.ro\/stiri\/wp-json\/wp\/v2\/posts"}],"about":[{"href":"https:\/\/www.giurgiuveanul.ro\/stiri\/wp-json\/wp\/v2\/types\/post"}],"author":[{"embeddable":true,"href":"https:\/\/www.giurgiuveanul.ro\/stiri\/wp-json\/wp\/v2\/users\/1"}],"replies":[{"embeddable":true,"href":"https:\/\/www.giurgiuveanul.ro\/stiri\/wp-json\/wp\/v2\/comments?post=100892"}],"version-history":[{"count":0,"href":"https:\/\/www.giurgiuveanul.ro\/stiri\/wp-json\/wp\/v2\/posts\/100892\/revisions"}],"wp:attachment":[{"href":"https:\/\/www.giurgiuveanul.ro\/stiri\/wp-json\/wp\/v2\/media?parent=100892"}],"wp:term":[{"taxonomy":"category","embeddable":true,"href":"https:\/\/www.giurgiuveanul.ro\/stiri\/wp-json\/wp\/v2\/categories?post=100892"},{"taxonomy":"post_tag","embeddable":true,"href":"https:\/\/www.giurgiuveanul.ro\/stiri\/wp-json\/wp\/v2\/tags?post=100892"}],"curies":[{"name":"wp","href":"https:\/\/api.w.org\/{rel}","templated":true}]}}