{"id":100927,"date":"2023-10-26T09:56:02","date_gmt":"2023-10-26T06:56:02","guid":{"rendered":"https:\/\/www.giurgiuveanul.ro\/stiri\/?p=100927"},"modified":"2023-10-26T09:58:46","modified_gmt":"2023-10-26T06:58:46","slug":"accident-rutier-soldat-cu-o-victima-la-iesire-din-municipiul-giurgiu","status":"publish","type":"post","link":"https:\/\/www.giurgiuveanul.ro\/stiri\/accident-rutier-soldat-cu-o-victima-la-iesire-din-municipiul-giurgiu\/","title":{"rendered":"ACCIDENT RUTIER soldat cu o victim\u0103, la ie\u015fire din municipiul Giurgiu"},"content":{"rendered":"<p style=\"text-align: justify;\"><strong><a href=\"https:\/\/www.giurgiuveanul.ro\/stiri\/wp-content\/uploads\/2023\/10\/000-accident-biciclist.jpg\"><img loading=\"lazy\" decoding=\"async\" class=\"aligncenter wp-image-100928\" src=\"https:\/\/www.giurgiuveanul.ro\/stiri\/wp-content\/uploads\/2023\/10\/000-accident-biciclist-560x422.jpg\" alt=\"\" width=\"573\" height=\"432\" srcset=\"https:\/\/www.giurgiuveanul.ro\/stiri\/wp-content\/uploads\/2023\/10\/000-accident-biciclist-560x422.jpg 560w, https:\/\/www.giurgiuveanul.ro\/stiri\/wp-content\/uploads\/2023\/10\/000-accident-biciclist-250x188.jpg 250w, https:\/\/www.giurgiuveanul.ro\/stiri\/wp-content\/uploads\/2023\/10\/000-accident-biciclist-768x579.jpg 768w, https:\/\/www.giurgiuveanul.ro\/stiri\/wp-content\/uploads\/2023\/10\/000-accident-biciclist-400x301.jpg 400w, https:\/\/www.giurgiuveanul.ro\/stiri\/wp-content\/uploads\/2023\/10\/000-accident-biciclist.jpg 1152w\" sizes=\"auto, (max-width: 573px) 100vw, 573px\" \/><\/a>S-a \u00eent\u00e2mplat<!--more--> ieri, la ora 14.00, pe bulevardul Bucure\u0219ti, la ie\u0219ire din municipiul Giurgiu, spre localitatea Remu\u0219. \u00cen evenimentul rutier au fost implicate un autoturism \u0219i un pieton, care se deplasa pe l\u00e2ng\u0103 biciclet\u0103.<\/strong><\/p>\n<p style=\"text-align: justify;\">\u00cen urma producerii evenimentului rutier, a rezultat r\u0103nirea unui b\u0103rbat, de 59 de ani, din Giurgiu, acesta fiind transportat la spital pentru acordarea de \u00eengrijiri medicale.<\/p>\n<p style=\"text-align: justify;\">Conduc\u0103torul auto, un b\u0103rbat, de 32 de ani, din municipiul Giurgiu a fost testat cu aparatul etilotest, rezultatul fiind negativ.<\/p>\n<p style=\"text-align: justify;\">\u00cen cauz\u0103, se efectueaz\u0103 cercet\u0103ri sub aspectul s\u0103v\u00e2r\u0219irii infrac\u021biunii de v\u0103t\u0103mare corporal\u0103 din culp\u0103.<\/p>\n","protected":false},"excerpt":{"rendered":"<p>S-a \u00eent\u00e2mplat<\/p>\n","protected":false},"author":1,"featured_media":0,"comment_status":"open","ping_status":"open","sticky":false,"template":"","format":"standard","meta":{"footnotes":""},"categories":[6],"tags":[],"class_list":["post-100927","post","type-post","status-publish","format-standard","hentry","category-breaking-news"],"_links":{"self":[{"href":"https:\/\/www.giurgiuveanul.ro\/stiri\/wp-json\/wp\/v2\/posts\/100927","targetHints":{"allow":["GET"]}}],"collection":[{"href":"https:\/\/www.giurgiuveanul.ro\/stiri\/wp-json\/wp\/v2\/posts"}],"about":[{"href":"https:\/\/www.giurgiuveanul.ro\/stiri\/wp-json\/wp\/v2\/types\/post"}],"author":[{"embeddable":true,"href":"https:\/\/www.giurgiuveanul.ro\/stiri\/wp-json\/wp\/v2\/users\/1"}],"replies":[{"embeddable":true,"href":"https:\/\/www.giurgiuveanul.ro\/stiri\/wp-json\/wp\/v2\/comments?post=100927"}],"version-history":[{"count":0,"href":"https:\/\/www.giurgiuveanul.ro\/stiri\/wp-json\/wp\/v2\/posts\/100927\/revisions"}],"wp:attachment":[{"href":"https:\/\/www.giurgiuveanul.ro\/stiri\/wp-json\/wp\/v2\/media?parent=100927"}],"wp:term":[{"taxonomy":"category","embeddable":true,"href":"https:\/\/www.giurgiuveanul.ro\/stiri\/wp-json\/wp\/v2\/categories?post=100927"},{"taxonomy":"post_tag","embeddable":true,"href":"https:\/\/www.giurgiuveanul.ro\/stiri\/wp-json\/wp\/v2\/tags?post=100927"}],"curies":[{"name":"wp","href":"https:\/\/api.w.org\/{rel}","templated":true}]}}