{"id":100946,"date":"2023-10-26T16:41:03","date_gmt":"2023-10-26T13:41:03","guid":{"rendered":"https:\/\/www.giurgiuveanul.ro\/stiri\/?p=100946"},"modified":"2023-10-26T16:42:05","modified_gmt":"2023-10-26T13:42:05","slug":"accident-rutier-soldat-cu-o-victima-in-aceasta-dupa-amiaza-foto","status":"publish","type":"post","link":"https:\/\/www.giurgiuveanul.ro\/stiri\/accident-rutier-soldat-cu-o-victima-in-aceasta-dupa-amiaza-foto\/","title":{"rendered":"ACCIDENT RUTIER soldat cu o victim\u0103, \u00een aceast\u0103 dup\u0103-amiaz\u0103 (FOTO)"},"content":{"rendered":"<p style=\"text-align: justify;\"><strong><a href=\"https:\/\/www.giurgiuveanul.ro\/stiri\/wp-content\/uploads\/2023\/10\/0000-accident.jpeg\"><img loading=\"lazy\" decoding=\"async\" class=\"aligncenter wp-image-100947\" src=\"https:\/\/www.giurgiuveanul.ro\/stiri\/wp-content\/uploads\/2023\/10\/0000-accident-508x450.jpeg\" alt=\"\" width=\"572\" height=\"507\" srcset=\"https:\/\/www.giurgiuveanul.ro\/stiri\/wp-content\/uploads\/2023\/10\/0000-accident-508x450.jpeg 508w, https:\/\/www.giurgiuveanul.ro\/stiri\/wp-content\/uploads\/2023\/10\/0000-accident-250x221.jpeg 250w, https:\/\/www.giurgiuveanul.ro\/stiri\/wp-content\/uploads\/2023\/10\/0000-accident-768x680.jpeg 768w, https:\/\/www.giurgiuveanul.ro\/stiri\/wp-content\/uploads\/2023\/10\/0000-accident-1536x1361.jpeg 1536w, https:\/\/www.giurgiuveanul.ro\/stiri\/wp-content\/uploads\/2023\/10\/0000-accident-400x354.jpeg 400w, https:\/\/www.giurgiuveanul.ro\/stiri\/wp-content\/uploads\/2023\/10\/0000-accident.jpeg 1734w\" sizes=\"auto, (max-width: 572px) 100vw, 572px\" \/><\/a>Un b\u0103rbat, \u00een v\u00e2rst\u0103 de<!--more--> 43 de ani, a avut nevoie de \u00eengrijiri medicale, \u00een urma unui accident rutier ce s-a produs, \u00een aceast\u0103 dup\u0103-amiaz\u0103, pe A1 Bucure\u0219ti-Pite\u0219ti. Evenimentul a avut loc \u00een zona localit\u0103\u021bii Bolintin Vale, la km 30, pe sensul de mers spre capital\u0103, informeaz\u0103 ISU Giurgiu.<\/strong><\/p>\n<p><a href=\"https:\/\/www.giurgiuveanul.ro\/stiri\/wp-content\/uploads\/2023\/10\/00000-accident.jpeg\"><img loading=\"lazy\" decoding=\"async\" class=\"aligncenter  wp-image-100949\" src=\"https:\/\/www.giurgiuveanul.ro\/stiri\/wp-content\/uploads\/2023\/10\/00000-accident-560x315.jpeg\" alt=\"\" width=\"571\" height=\"321\" srcset=\"https:\/\/www.giurgiuveanul.ro\/stiri\/wp-content\/uploads\/2023\/10\/00000-accident-560x315.jpeg 560w, https:\/\/www.giurgiuveanul.ro\/stiri\/wp-content\/uploads\/2023\/10\/00000-accident-250x141.jpeg 250w, https:\/\/www.giurgiuveanul.ro\/stiri\/wp-content\/uploads\/2023\/10\/00000-accident-768x432.jpeg 768w, https:\/\/www.giurgiuveanul.ro\/stiri\/wp-content\/uploads\/2023\/10\/00000-accident-1536x864.jpeg 1536w, https:\/\/www.giurgiuveanul.ro\/stiri\/wp-content\/uploads\/2023\/10\/00000-accident-400x225.jpeg 400w, https:\/\/www.giurgiuveanul.ro\/stiri\/wp-content\/uploads\/2023\/10\/00000-accident.jpeg 2048w\" sizes=\"auto, (max-width: 571px) 100vw, 571px\" \/><\/a><\/p>\n<p style=\"text-align: justify;\">\u00cen accident au fost implicate dou\u0103 autoturisme, \u00een care se aflau patru persoane.<\/p>\n<p style=\"text-align: justify;\">La fa\u021ba locului s-au deplasat pompierii din cadrul Deta\u0219amentului Bolintin Deal, cu o autospecial\u0103 de stingere, o descarcerare \u0219i o ambulan\u021b\u0103 SAJ.<\/p>\n<p style=\"text-align: justify;\">Ambele ma\u0219ini au fost g\u0103site \u00een afara p\u0103r\u021bii carosabile.<\/p>\n<p style=\"text-align: justify;\">B\u0103rbatul r\u0103nit era con\u0219tient \u0219i cooperant. Acesta a fost preluat de ambulan\u021b\u0103 \u0219i transportat la spital.<\/p>\n<p style=\"text-align: justify;\">Pompierii au asigurat m\u0103surile de prevenire a incendiilor prin deconectarea bornelor de la bateriile autoturismelor. Cazul a r\u0103mas \u00een aten\u021bia Poli\u021biei pentru cercet\u0103ri.<\/p>\n","protected":false},"excerpt":{"rendered":"<p>Un b\u0103rbat, \u00een v\u00e2rst\u0103 de<\/p>\n","protected":false},"author":1,"featured_media":0,"comment_status":"open","ping_status":"open","sticky":false,"template":"","format":"standard","meta":{"footnotes":""},"categories":[6],"tags":[],"class_list":["post-100946","post","type-post","status-publish","format-standard","hentry","category-breaking-news"],"_links":{"self":[{"href":"https:\/\/www.giurgiuveanul.ro\/stiri\/wp-json\/wp\/v2\/posts\/100946","targetHints":{"allow":["GET"]}}],"collection":[{"href":"https:\/\/www.giurgiuveanul.ro\/stiri\/wp-json\/wp\/v2\/posts"}],"about":[{"href":"https:\/\/www.giurgiuveanul.ro\/stiri\/wp-json\/wp\/v2\/types\/post"}],"author":[{"embeddable":true,"href":"https:\/\/www.giurgiuveanul.ro\/stiri\/wp-json\/wp\/v2\/users\/1"}],"replies":[{"embeddable":true,"href":"https:\/\/www.giurgiuveanul.ro\/stiri\/wp-json\/wp\/v2\/comments?post=100946"}],"version-history":[{"count":0,"href":"https:\/\/www.giurgiuveanul.ro\/stiri\/wp-json\/wp\/v2\/posts\/100946\/revisions"}],"wp:attachment":[{"href":"https:\/\/www.giurgiuveanul.ro\/stiri\/wp-json\/wp\/v2\/media?parent=100946"}],"wp:term":[{"taxonomy":"category","embeddable":true,"href":"https:\/\/www.giurgiuveanul.ro\/stiri\/wp-json\/wp\/v2\/categories?post=100946"},{"taxonomy":"post_tag","embeddable":true,"href":"https:\/\/www.giurgiuveanul.ro\/stiri\/wp-json\/wp\/v2\/tags?post=100946"}],"curies":[{"name":"wp","href":"https:\/\/api.w.org\/{rel}","templated":true}]}}