{"id":100967,"date":"2023-10-27T16:48:15","date_gmt":"2023-10-27T13:48:15","guid":{"rendered":"https:\/\/www.giurgiuveanul.ro\/stiri\/?p=100967"},"modified":"2023-10-27T16:50:32","modified_gmt":"2023-10-27T13:50:32","slug":"bursa-locurilor-de-munca-pentru-absolventi-giurgiu-27-octombrie-2023","status":"publish","type":"post","link":"https:\/\/www.giurgiuveanul.ro\/stiri\/bursa-locurilor-de-munca-pentru-absolventi-giurgiu-27-octombrie-2023\/","title":{"rendered":"BURSA LOCURILOR DE MUNC\u0102 PENTRU ABSOLVEN\u021aI \u2013 Giurgiu, 27 octombrie 2023"},"content":{"rendered":"<p style=\"text-align: justify;\"><strong><a href=\"https:\/\/www.giurgiuveanul.ro\/stiri\/wp-content\/uploads\/2023\/10\/a.jpeg\"><img loading=\"lazy\" decoding=\"async\" class=\"aligncenter wp-image-100968\" src=\"https:\/\/www.giurgiuveanul.ro\/stiri\/wp-content\/uploads\/2023\/10\/a-560x371.jpeg\" alt=\"\" width=\"569\" height=\"377\" srcset=\"https:\/\/www.giurgiuveanul.ro\/stiri\/wp-content\/uploads\/2023\/10\/a-560x371.jpeg 560w, https:\/\/www.giurgiuveanul.ro\/stiri\/wp-content\/uploads\/2023\/10\/a-250x166.jpeg 250w, https:\/\/www.giurgiuveanul.ro\/stiri\/wp-content\/uploads\/2023\/10\/a-768x508.jpeg 768w, https:\/\/www.giurgiuveanul.ro\/stiri\/wp-content\/uploads\/2023\/10\/a-400x265.jpeg 400w, https:\/\/www.giurgiuveanul.ro\/stiri\/wp-content\/uploads\/2023\/10\/a.jpeg 1080w\" sizes=\"auto, (max-width: 569px) 100vw, 569px\" \/><\/a>Agen\u021bia Jude\u021bean\u0103 pentru Ocuparea For\u021bei de Munc\u0103 Giurgiu<!--more--> a organizat, ast\u0103zi, 27 octombrie 2023, Bursa\u00a0 Locurilor de Munc\u0103 destinat\u0103 absolven\u021bilor institu\u021biilor de \u00eenv\u0103\u021b\u0103m\u00e2nt. Aceast\u0103 ac\u021biune este o m\u0103sur\u0103 activ\u0103 care presupune confruntarea direct\u0103 a cererii cu oferta de for\u021b\u0103 de munc\u0103.<\/strong><\/p>\n<p><a href=\"https:\/\/www.giurgiuveanul.ro\/stiri\/wp-content\/uploads\/2023\/10\/b.jpeg\"><img loading=\"lazy\" decoding=\"async\" class=\"aligncenter wp-image-100970\" src=\"https:\/\/www.giurgiuveanul.ro\/stiri\/wp-content\/uploads\/2023\/10\/b-560x371.jpeg\" alt=\"\" width=\"574\" height=\"380\" srcset=\"https:\/\/www.giurgiuveanul.ro\/stiri\/wp-content\/uploads\/2023\/10\/b-560x371.jpeg 560w, https:\/\/www.giurgiuveanul.ro\/stiri\/wp-content\/uploads\/2023\/10\/b-250x166.jpeg 250w, https:\/\/www.giurgiuveanul.ro\/stiri\/wp-content\/uploads\/2023\/10\/b-768x508.jpeg 768w, https:\/\/www.giurgiuveanul.ro\/stiri\/wp-content\/uploads\/2023\/10\/b-400x265.jpeg 400w, https:\/\/www.giurgiuveanul.ro\/stiri\/wp-content\/uploads\/2023\/10\/b.jpeg 1080w\" sizes=\"auto, (max-width: 574px) 100vw, 574px\" \/><\/a> <a href=\"https:\/\/www.giurgiuveanul.ro\/stiri\/wp-content\/uploads\/2023\/10\/c.jpeg\"><img loading=\"lazy\" decoding=\"async\" class=\"aligncenter wp-image-100971\" src=\"https:\/\/www.giurgiuveanul.ro\/stiri\/wp-content\/uploads\/2023\/10\/c-560x371.jpeg\" alt=\"\" width=\"571\" height=\"378\" srcset=\"https:\/\/www.giurgiuveanul.ro\/stiri\/wp-content\/uploads\/2023\/10\/c-560x371.jpeg 560w, https:\/\/www.giurgiuveanul.ro\/stiri\/wp-content\/uploads\/2023\/10\/c-250x166.jpeg 250w, https:\/\/www.giurgiuveanul.ro\/stiri\/wp-content\/uploads\/2023\/10\/c-768x508.jpeg 768w, https:\/\/www.giurgiuveanul.ro\/stiri\/wp-content\/uploads\/2023\/10\/c-400x265.jpeg 400w, https:\/\/www.giurgiuveanul.ro\/stiri\/wp-content\/uploads\/2023\/10\/c.jpeg 1080w\" sizes=\"auto, (max-width: 571px) 100vw, 571px\" \/><\/a><\/p>\n<p style=\"text-align: justify;\">In jude\u021bul Giurgiu, bursa s-a desf\u0103\u0219urat, \u00eencep\u00e2nd cu\u00a0 ora 9.00, \u00een municipiul Giurgiu &#8211; incinta Teatrul TUDOR VIANU.<\/p>\n<p style=\"text-align: justify;\">Evenimentul a avut ca obiectiv principal cre\u015fterea gradului de ocupare, prin corelarea cererii cu oferta de locuri de munc\u0103, exist\u00e2nd posibilitatea interac\u0163iunii directe dintre angajator \u015fi solicitantul locului de munc\u0103.<\/p>\n<p style=\"text-align: justify;\">In ziua bursei, au fost prezen\u021bi un num\u0103r de 26 agen\u021bi economici care au\u00a0 oferit\u00a0 280 locuri de munc\u0103 vacante, principalele domenii de activitate \u00een care au fost oferite locuri de munc\u0103 vacante fiind: construc\u021bii, industria \u00a0confec\u021biilor, industria alimentar\u0103, servicii, comer\u021b, asigur\u0103ri, construc\u021bii nave, etc.<\/p>\n<p style=\"text-align: justify;\">De asemenea,\u00a0 au participat un num\u0103r de 142 \u00a0persoane aflate \u00een c\u0103utarea unui loc de munc\u0103, fiind preselectate \u00een vederea sus\u021binerii de probe de lucru sau interviuri la sediul firmelor, un num\u0103r de 24 persoane.<\/p>\n<p style=\"text-align: justify;\">Au fost \u00eencadrate pe loc, fiind emise dispozi\u021bii de repartizare pentru 2 persoane \u00een\u00a0 meseriile: operator xerox si patiser din r\u00e2ndul altor categorii de persoane prezente la burs\u0103.<\/p>\n<p style=\"text-align: justify;\">La aceast\u0103 ac\u021biune au fost prezen\u021bi reprezentan\u021bi ai\u00a0 Inspectoratului Jude\u021bean de Jandarmi Giurgiu \u0219i Centrului Militar Jude\u021bean care au promovat, \u00een randul persoanelor aflate \u00een c\u0103utarea unui loc de munc\u0103, oferta privind \u00eenscrierea la \u0219colile de ofi\u021beri \u0219i subofi\u021beri .<\/p>\n<p style=\"text-align: justify;\">De asemenea, au mai participat reprezentan\u021bi ai Penitenciarului Giurgiu\u00a0 \u00eempreun\u0103 cu 15 de\u021binu\u021bi \u00een regim deschis \u00een vederea identific\u0103rii potentialilor angajatori.<\/p>\n<p style=\"text-align: justify;\">Ca o concluzie a ac\u021biunii de ast\u0103zi, putem spune c\u0103, de\u0219i locurile de munc\u0103 vacante oferite de angajatori pentru persoanele aflate \u00een c\u0103utarea unui loc de munc\u0103 au fost numeroase \u0219i diversificate, interesul manifestat de c\u0103tre persoanele f\u0103r\u0103 loc de munc\u0103 din jude\u021bul Giurgiu, \u00een special de c\u0103tre absolven\u021bii institu\u021biilor de \u00eenv\u0103\u021b\u0103m\u00e2nt, \u00a0a fost foarte sc\u0103zut iar cei prezen\u021bi au fost dezinteresa\u021bi \u00een a face demersuri la angajatori pentru a se integra pe pia\u021ba muncii.<\/p>\n<h1 style=\"text-align: justify;\">BIROUL DE PRESA AL AJOFM GIURGIU<\/h1>\n","protected":false},"excerpt":{"rendered":"<p>Agen\u021bia Jude\u021bean\u0103 pentru Ocuparea For\u021bei de Munc\u0103 Giurgiu<\/p>\n","protected":false},"author":1,"featured_media":0,"comment_status":"open","ping_status":"open","sticky":false,"template":"","format":"standard","meta":{"footnotes":""},"categories":[6],"tags":[],"class_list":["post-100967","post","type-post","status-publish","format-standard","hentry","category-breaking-news"],"_links":{"self":[{"href":"https:\/\/www.giurgiuveanul.ro\/stiri\/wp-json\/wp\/v2\/posts\/100967","targetHints":{"allow":["GET"]}}],"collection":[{"href":"https:\/\/www.giurgiuveanul.ro\/stiri\/wp-json\/wp\/v2\/posts"}],"about":[{"href":"https:\/\/www.giurgiuveanul.ro\/stiri\/wp-json\/wp\/v2\/types\/post"}],"author":[{"embeddable":true,"href":"https:\/\/www.giurgiuveanul.ro\/stiri\/wp-json\/wp\/v2\/users\/1"}],"replies":[{"embeddable":true,"href":"https:\/\/www.giurgiuveanul.ro\/stiri\/wp-json\/wp\/v2\/comments?post=100967"}],"version-history":[{"count":0,"href":"https:\/\/www.giurgiuveanul.ro\/stiri\/wp-json\/wp\/v2\/posts\/100967\/revisions"}],"wp:attachment":[{"href":"https:\/\/www.giurgiuveanul.ro\/stiri\/wp-json\/wp\/v2\/media?parent=100967"}],"wp:term":[{"taxonomy":"category","embeddable":true,"href":"https:\/\/www.giurgiuveanul.ro\/stiri\/wp-json\/wp\/v2\/categories?post=100967"},{"taxonomy":"post_tag","embeddable":true,"href":"https:\/\/www.giurgiuveanul.ro\/stiri\/wp-json\/wp\/v2\/tags?post=100967"}],"curies":[{"name":"wp","href":"https:\/\/api.w.org\/{rel}","templated":true}]}}