{"id":101011,"date":"2023-10-28T16:00:38","date_gmt":"2023-10-28T13:00:38","guid":{"rendered":"https:\/\/www.giurgiuveanul.ro\/stiri\/?p=101011"},"modified":"2023-10-28T16:00:38","modified_gmt":"2023-10-28T13:00:38","slug":"agentia-judeteana-pentru-plati-si-inspectie-sociala-giurgiu-venitul-minim-de-incluziune-vmi","status":"publish","type":"post","link":"https:\/\/www.giurgiuveanul.ro\/stiri\/agentia-judeteana-pentru-plati-si-inspectie-sociala-giurgiu-venitul-minim-de-incluziune-vmi\/","title":{"rendered":"Agen\u021bia Jude\u0163ean\u0103 pentru Pl\u0103\u0163i \u015fi Inspec\u0163ie Social\u0103 Giurgiu: VENITUL MINIM DE INCLUZIUNE (VMI)"},"content":{"rendered":"<p style=\"text-align: justify;\"><strong><a href=\"https:\/\/www.giurgiuveanul.ro\/stiri\/wp-content\/uploads\/2023\/10\/000APIPS.jpeg\"><img loading=\"lazy\" decoding=\"async\" class=\"aligncenter  wp-image-101013\" src=\"https:\/\/www.giurgiuveanul.ro\/stiri\/wp-content\/uploads\/2023\/10\/000APIPS-560x349.jpeg\" alt=\"\" width=\"573\" height=\"357\" srcset=\"https:\/\/www.giurgiuveanul.ro\/stiri\/wp-content\/uploads\/2023\/10\/000APIPS-560x349.jpeg 560w, https:\/\/www.giurgiuveanul.ro\/stiri\/wp-content\/uploads\/2023\/10\/000APIPS-250x156.jpeg 250w, https:\/\/www.giurgiuveanul.ro\/stiri\/wp-content\/uploads\/2023\/10\/000APIPS-768x478.jpeg 768w, https:\/\/www.giurgiuveanul.ro\/stiri\/wp-content\/uploads\/2023\/10\/000APIPS-400x249.jpeg 400w, https:\/\/www.giurgiuveanul.ro\/stiri\/wp-content\/uploads\/2023\/10\/000APIPS.jpeg 1000w\" sizes=\"auto, (max-width: 573px) 100vw, 573px\" \/><\/a>Agen\u021bia Jude\u021bean\u0103 pentru Pl\u0103\u021bi \u0219i Inspec\u021bie Social\u0103 Giurgiu a<!--more--> organizat vineri, 27 octombrie, \u00een sala de conferin\u021be din cadrul Inspectoratului \u0218colar Jude\u021bean Giurgiu, o \u00eent\u00e2lnire cu to\u021bi cei implica\u021bi \u00een implementarea aplic\u0103rii Legii nr. 196\/2016 referitoare la venitul minim de incluziune (VMI).<\/strong><\/p>\n<p style=\"text-align: justify;\">\n<p style=\"text-align: justify;\">Astfel, la sesiunea de preg\u0103tire \u00een utilizarea micro-aplica\u021biei informatice VMI, dezvoltat\u0103 pentru punerea \u00een practic\u0103 a legii, au participat 65 de reprezentan\u021bi din cadrul celor 54 de unit\u0103\u021bi administrativ teritoriale din jude\u021bul Giurgiu.<\/p>\n<p style=\"text-align: justify;\">\n<p style=\"text-align: justify;\">Acest eveniment a fost sus\u021binut de c\u0103tre exper\u021bi din cadrul Agen\u021biei Jude\u021bene pentru Pl\u0103\u021bi \u0219i Inspec\u021bie Social\u0103 Giurgiu, Agen\u021biei Na\u021bionale pentru Pl\u0103\u021bi \u0219i Inspec\u021bie Social\u0103 \u0219i ai B\u0103ncii Mondiale \u0219i\u00a0 face parte din planul de comunicare \u0219i instruire, destinat sprijinirii prim\u0103riilor care au un rol activ \u00een implementarea VMI.<\/p>\n<p style=\"text-align: justify;\">\n<p style=\"text-align: justify;\">M\u0103surile adoptate prin aplicarea Legii nr. 196\/ 2016 referitoare la venitul minim de incluziune (VMI) sunt parte din Programul Na\u021bional de Redresare \u0219i Rezilien\u021b\u0103 (PNRR), capitolul 13 \u201dReforme sociale\u201d, av\u00e2nd scopul de a reduce s\u0103r\u0103cia \u00een r\u00e2ndul persoanelor vulnerabile, totodat\u0103 diminu\u00e2nd sarcinile administrative pentru administra\u021bia local\u0103 \u0219i beneficiari.<\/p>\n<p style=\"text-align: justify;\">\n<p style=\"text-align: justify;\"><strong>Compartimentul Comunicare &#8211; Agen<\/strong><strong>\u021bia<\/strong><strong> Jude\u0163ean\u0103 pentru Pl\u0103\u0163i <\/strong><strong>\u015fi Inspec\u0163ie Social\u0103 Giurgiu<\/strong><\/p>\n","protected":false},"excerpt":{"rendered":"<p>Agen\u021bia Jude\u021bean\u0103 pentru Pl\u0103\u021bi \u0219i Inspec\u021bie Social\u0103 Giurgiu a<\/p>\n","protected":false},"author":1,"featured_media":0,"comment_status":"open","ping_status":"open","sticky":false,"template":"","format":"standard","meta":{"footnotes":""},"categories":[6],"tags":[],"class_list":["post-101011","post","type-post","status-publish","format-standard","hentry","category-breaking-news"],"_links":{"self":[{"href":"https:\/\/www.giurgiuveanul.ro\/stiri\/wp-json\/wp\/v2\/posts\/101011","targetHints":{"allow":["GET"]}}],"collection":[{"href":"https:\/\/www.giurgiuveanul.ro\/stiri\/wp-json\/wp\/v2\/posts"}],"about":[{"href":"https:\/\/www.giurgiuveanul.ro\/stiri\/wp-json\/wp\/v2\/types\/post"}],"author":[{"embeddable":true,"href":"https:\/\/www.giurgiuveanul.ro\/stiri\/wp-json\/wp\/v2\/users\/1"}],"replies":[{"embeddable":true,"href":"https:\/\/www.giurgiuveanul.ro\/stiri\/wp-json\/wp\/v2\/comments?post=101011"}],"version-history":[{"count":0,"href":"https:\/\/www.giurgiuveanul.ro\/stiri\/wp-json\/wp\/v2\/posts\/101011\/revisions"}],"wp:attachment":[{"href":"https:\/\/www.giurgiuveanul.ro\/stiri\/wp-json\/wp\/v2\/media?parent=101011"}],"wp:term":[{"taxonomy":"category","embeddable":true,"href":"https:\/\/www.giurgiuveanul.ro\/stiri\/wp-json\/wp\/v2\/categories?post=101011"},{"taxonomy":"post_tag","embeddable":true,"href":"https:\/\/www.giurgiuveanul.ro\/stiri\/wp-json\/wp\/v2\/tags?post=101011"}],"curies":[{"name":"wp","href":"https:\/\/api.w.org\/{rel}","templated":true}]}}