{"id":101015,"date":"2023-10-29T10:56:01","date_gmt":"2023-10-29T08:56:01","guid":{"rendered":"https:\/\/www.giurgiuveanul.ro\/stiri\/?p=101015"},"modified":"2023-10-29T10:56:17","modified_gmt":"2023-10-29T08:56:17","slug":"ipj-giurgiu-conducatori-auto-depistati-la-volan-sub-influenta-bauturilor-alcoolice","status":"publish","type":"post","link":"https:\/\/www.giurgiuveanul.ro\/stiri\/ipj-giurgiu-conducatori-auto-depistati-la-volan-sub-influenta-bauturilor-alcoolice\/","title":{"rendered":"IPJ Giurgiu. Conduc\u0103tori auto depista\u021bi la volan, sub influen\u021ba b\u0103uturilor alcoolice"},"content":{"rendered":"<p style=\"text-align: justify;\"><a href=\"https:\/\/www.giurgiuveanul.ro\/stiri\/wp-content\/uploads\/2023\/07\/etilotest.jpeg\"><img loading=\"lazy\" decoding=\"async\" class=\"aligncenter wp-image-99060\" src=\"https:\/\/www.giurgiuveanul.ro\/stiri\/wp-content\/uploads\/2023\/07\/etilotest-464x450.jpeg\" alt=\"\" width=\"568\" height=\"551\" srcset=\"https:\/\/www.giurgiuveanul.ro\/stiri\/wp-content\/uploads\/2023\/07\/etilotest-464x450.jpeg 464w, https:\/\/www.giurgiuveanul.ro\/stiri\/wp-content\/uploads\/2023\/07\/etilotest-250x243.jpeg 250w, https:\/\/www.giurgiuveanul.ro\/stiri\/wp-content\/uploads\/2023\/07\/etilotest-768x745.jpeg 768w, https:\/\/www.giurgiuveanul.ro\/stiri\/wp-content\/uploads\/2023\/07\/etilotest-400x388.jpeg 400w, https:\/\/www.giurgiuveanul.ro\/stiri\/wp-content\/uploads\/2023\/07\/etilotest.jpeg 1076w\" sizes=\"auto, (max-width: 568px) 100vw, 568px\" \/><\/a>La data de 28 octombrie a.c., ora 23.15,<!--more--> \u00een timp ce \u00ee\u0219i exercitau atribu\u021biile de serviciu, \u00een localitatea Hotarele, jude\u021bul Giurgiu, poli\u021bi\u0219tii giurgiuveni au depistat un t\u00e2n\u0103r, de 20 de ani, din comuna Valea Dragului, \u00een timp ce conducea un autoturism, afl\u00e2ndu-se sub influen\u021ba b\u0103uturilor alcoolice.<\/p>\n<p style=\"text-align: justify;\">Acesta a fost testat cu aparatul etilotest, care a indicat valoarea de 0,45 mg\/l alcool pur \u00een aerul expirat, motiv pentru care a fost condus la spital, pentru recoltarea probelor biologice de s\u00e2nge, \u00een vederea stabilirii alcoolemiei.<\/p>\n<p style=\"text-align: justify;\">\u00cen cauz\u0103, a fost \u00eentocmit un dosar penal sub aspectul s\u0103v\u00e2r\u0219irii infrac\u021biunii de conducerea unui vehicul sub influen\u021ba b\u0103uturilor alcoolice.<\/p>\n<p style=\"text-align: justify;\">***<\/p>\n<p style=\"text-align: justify;\">La data de 29 octombrie a.c., ora 00.05, \u00een timp ce \u00ee\u0219i exercitau atribu\u021biile de serviciu, pe strada Chaunchey Hardy, din municipiul Giurgiu, poli\u021bi\u0219tii giurgiuveni au depistat un t\u00e2n\u0103r, de 21 de ani, din aceea\u0219i localitate, \u00een timp ce conducea un autoturism, afl\u00e2ndu-se sub influen\u021ba b\u0103uturilor alcoolice.<\/p>\n<p style=\"text-align: justify;\">Acesta a fost testat cu aparatul etilotest, care a indicat valoarea de 0,88 mg\/l alcool pur \u00een aerul expirat, motiv pentru care a fost condus la spital, pentru recoltarea probelor biologice de s\u00e2nge, \u00een vederea stabilirii alcoolemiei.<\/p>\n<p style=\"text-align: justify;\">\u00cen cauz\u0103, a fost \u00eentocmit un dosar penal sub aspectul s\u0103v\u00e2r\u0219irii infrac\u021biunii de conducerea unui vehicul sub influen\u021ba b\u0103uturilor alcoolice.<\/p>\n<p style=\"text-align: justify;\">***<\/p>\n<p style=\"text-align: justify;\">La data de 29 octombrie a.c., ora 03.15, \u00een timp ce \u00ee\u0219i exercitau atribu\u021biile de serviciu, \u00een localitatea D\u0103r\u0103\u0219ti, poli\u021bi\u0219tii giurgiuveni au depistat un b\u0103rbat, de 37 de ani, din localitatea Pope\u0219ti, jude\u021bul Giurgiu, \u00een timp ce conducea un autoturism, afl\u00e2ndu-se sub influen\u021ba b\u0103uturilor alcoolice.<\/p>\n<p style=\"text-align: justify;\">Acesta a fost testat cu aparatul etilotest, care a indicat valoarea de 0,47 mg\/l alcool pur \u00een aerul expirat, motiv pentru care a fost condus la spital, pentru recoltarea probelor biologice de s\u00e2nge, \u00een vederea stabilirii alcoolemiei.<\/p>\n<p style=\"text-align: justify;\">\u00cen cauz\u0103, a fost \u00eentocmit un dosar penal sub aspectul s\u0103v\u00e2r\u0219irii infrac\u021biunii de conducerea unui vehicul sub influen\u021ba b\u0103uturilor alcoolice.<\/p>\n","protected":false},"excerpt":{"rendered":"<p>La data de 28 octombrie a.c., ora 23.15,<\/p>\n","protected":false},"author":1,"featured_media":0,"comment_status":"open","ping_status":"open","sticky":false,"template":"","format":"standard","meta":{"footnotes":""},"categories":[6],"tags":[],"class_list":["post-101015","post","type-post","status-publish","format-standard","hentry","category-breaking-news"],"_links":{"self":[{"href":"https:\/\/www.giurgiuveanul.ro\/stiri\/wp-json\/wp\/v2\/posts\/101015","targetHints":{"allow":["GET"]}}],"collection":[{"href":"https:\/\/www.giurgiuveanul.ro\/stiri\/wp-json\/wp\/v2\/posts"}],"about":[{"href":"https:\/\/www.giurgiuveanul.ro\/stiri\/wp-json\/wp\/v2\/types\/post"}],"author":[{"embeddable":true,"href":"https:\/\/www.giurgiuveanul.ro\/stiri\/wp-json\/wp\/v2\/users\/1"}],"replies":[{"embeddable":true,"href":"https:\/\/www.giurgiuveanul.ro\/stiri\/wp-json\/wp\/v2\/comments?post=101015"}],"version-history":[{"count":0,"href":"https:\/\/www.giurgiuveanul.ro\/stiri\/wp-json\/wp\/v2\/posts\/101015\/revisions"}],"wp:attachment":[{"href":"https:\/\/www.giurgiuveanul.ro\/stiri\/wp-json\/wp\/v2\/media?parent=101015"}],"wp:term":[{"taxonomy":"category","embeddable":true,"href":"https:\/\/www.giurgiuveanul.ro\/stiri\/wp-json\/wp\/v2\/categories?post=101015"},{"taxonomy":"post_tag","embeddable":true,"href":"https:\/\/www.giurgiuveanul.ro\/stiri\/wp-json\/wp\/v2\/tags?post=101015"}],"curies":[{"name":"wp","href":"https:\/\/api.w.org\/{rel}","templated":true}]}}