{"id":101037,"date":"2023-10-30T15:35:23","date_gmt":"2023-10-30T13:35:23","guid":{"rendered":"https:\/\/www.giurgiuveanul.ro\/stiri\/?p=101037"},"modified":"2023-10-30T15:35:57","modified_gmt":"2023-10-30T13:35:57","slug":"isu-giurgiu-sase-incendii-de-vegetatie-uscata-in-ultimele-ore","status":"publish","type":"post","link":"https:\/\/www.giurgiuveanul.ro\/stiri\/isu-giurgiu-sase-incendii-de-vegetatie-uscata-in-ultimele-ore\/","title":{"rendered":"ISU Giurgiu. \u0218ase incendii de vegeta\u021bie uscat\u0103, \u00een ultimele ore"},"content":{"rendered":"<p style=\"text-align: justify;\"><strong><a href=\"https:\/\/www.giurgiuveanul.ro\/stiri\/wp-content\/uploads\/2023\/10\/000-incendii.jpeg\"><img loading=\"lazy\" decoding=\"async\" class=\"aligncenter wp-image-101038\" src=\"https:\/\/www.giurgiuveanul.ro\/stiri\/wp-content\/uploads\/2023\/10\/000-incendii-476x450.jpeg\" alt=\"\" width=\"567\" height=\"536\" srcset=\"https:\/\/www.giurgiuveanul.ro\/stiri\/wp-content\/uploads\/2023\/10\/000-incendii-476x450.jpeg 476w, https:\/\/www.giurgiuveanul.ro\/stiri\/wp-content\/uploads\/2023\/10\/000-incendii-250x236.jpeg 250w, https:\/\/www.giurgiuveanul.ro\/stiri\/wp-content\/uploads\/2023\/10\/000-incendii-768x726.jpeg 768w, https:\/\/www.giurgiuveanul.ro\/stiri\/wp-content\/uploads\/2023\/10\/000-incendii-400x378.jpeg 400w, https:\/\/www.giurgiuveanul.ro\/stiri\/wp-content\/uploads\/2023\/10\/000-incendii.jpeg 876w\" sizes=\"auto, (max-width: 567px) 100vw, 567px\" \/><\/a>Pompierii giurgiuveni au<!--more--> fost la datorie 24 de ore din 24 pentru interven\u021bia imediat\u0103 la solicit\u0103rile cet\u0103\u021benilor \u0219i gestionarea optim\u0103 a situa\u021biilor de urgen\u021b\u0103, produse la nivel local. <\/strong><\/p>\n<p style=\"text-align: justify;\">\u00cen ultimele ore, ace\u0219tia au intervenit pentru stingerea a \u0219ase incendii de vegeta\u021bie uscat\u0103, \u00een urm\u0103toarele localit\u0103\u021bi:<\/p>\n<ul style=\"text-align: justify;\">\n<li><strong>Malu &#8211; <\/strong>au ars aproximativ cinci ha vegeta\u021bie uscat\u0103. La caz au intervenit pompierii din cadrul Deta\u0219amentului Giurgiu, cu o autospecial\u0103 de stingere;<\/li>\n<li><strong>Slobozia &#8211; <\/strong>au ars aproximativ patru ha vegeta\u021bie uscat\u0103. La caz au intervenit pompierii din cadrul Deta\u0219amentului Giurgiu, cu o autospecial\u0103 de stingere;<\/li>\n<li><strong>Gostinu &#8211; <\/strong>au ars aproximativ cinci ha vegeta\u021bie uscat\u0103. La caz au intervenit pompierii din cadrul Deta\u0219amentului Giurgiu, cu o autospecial\u0103 de stingere;<\/li>\n<li><strong>Izvoarele (DJ 503A) &#8211; <\/strong>a ars vegeta\u021bie uscat\u0103, pe o suprafa\u021b\u0103 de aproximativ 100 mp. La caz au ac\u021bionat pompierii din cadrul Deta\u0219amentului Giurgiu, cu o autospecial\u0103 de stingere;<\/li>\n<li><strong>Dobreni &#8211; <\/strong>au ars vegeta\u021bie uscat\u0103, l\u0103st\u0103ri\u0219 \u0219i m\u0103r\u0103cini\u0219, pe o suprafa\u021b\u0103 de aproximativ 500 mp. La caz au intervenit pompierii din cadrul Sta\u021biei Coliba\u0219i, cu o autospecial\u0103 de stingere;<\/li>\n<li><strong>Copaciu &#8211; <\/strong>au ars vegeta\u021bie uscat\u0103 \u0219i stuf, pe o suprafa\u021b\u0103 de aproximativ 10 ha. La caz au intervenit pompierii din cadrul Sta\u021biei Mih\u0103ile\u0219ti, cu o autospecial\u0103 de stingere.<\/li>\n<\/ul>\n<p style=\"text-align: justify;\">Cauza probabil\u0103 de producere a incendiilor a fost focul deschis \u00een spa\u021bii deschise.<\/p>\n<p style=\"text-align: justify;\">Preciz\u0103m faptul c\u0103, dup\u0103 fiecare incendiu de vegeta\u0163ie uscat\u0103 sau miri\u0219te de pe terenurile arabile, ISU \u00eenainteaz\u0103 Agen\u021biei Jude\u021bene de Pl\u0103\u021bi \u0219i Interven\u021bie pentru Agricultur\u0103 (APIA) coordonatele geospa\u0163iale ale locului \u00een care s-a produs evenimentul pentru adoptarea unor m\u0103suri \u00een consecin\u0163\u0103.<\/p>\n<p style=\"text-align: justify;\">Atragem aten\u021bia asupra faptului c\u0103 folosirea focului deschis pentru igienizarea terenurilor \u0219i arderea gunoaielor, a de\u0219eurilor \u0219i a altor materiale combustibile pot avea consecin\u021be grave, at\u00e2t asupra mediului \u00eenconjur\u0103tor \u0219i a solului, c\u00e2t \u0219i asupra propriet\u0103\u021bii sau chiar vie\u021bii oamenilor. \u00cen astfel de cazuri, fl\u0103c\u0103rile se pot extinde rapid pe o suprafa\u021b\u0103 mare, iar \u00een condi\u021bii de v\u00e2nt, incendiile de vegeta\u021bie uscat\u0103 sau de de\u0219euri menajere pot deveni \u0219i mai periculoase dac\u0103 se manifest\u0103 aproape de case, de re\u021bele de electricitate sau de locuri cu pericol de explozie.<\/p>\n<p style=\"text-align: justify;\">Recomand\u0103m fum\u0103torilor s\u0103 nu arunce resturile de la \u021bigar\u0103 la \u00eent\u00e2mplare (de exemplu pe geamul autoturismului) pentru c\u0103 pot incendia vegeta\u021bia uscat\u0103 de pe marginea drumului sau copacii, iar incendiile pot ajunge la culturile agricole, la alte propriet\u0103\u021bi sau, \u00een cele mai grave situa\u021bii, pot provoca \u0219i victime.<\/p>\n<p style=\"text-align: justify;\">Informa\u021bii despre modul de comportare \u00een cazul producerii unor situa\u021bii de urgen\u021b\u0103 pot fi ob\u021binute prin accesarea platformei na\u021bionale de preg\u0103tire \u00een situa\u021bii de urgen\u021b\u0103 <a href=\"https:\/\/fiipregatit.ro\">https:\/\/fiipregatit.ro<\/a>.<\/p>\n<p style=\"text-align: justify;\">Compartimentul Informare \u0219i Rela\u021bii Publice<\/p>\n","protected":false},"excerpt":{"rendered":"<p>Pompierii giurgiuveni au<\/p>\n","protected":false},"author":1,"featured_media":0,"comment_status":"open","ping_status":"open","sticky":false,"template":"","format":"standard","meta":{"footnotes":""},"categories":[6],"tags":[],"class_list":["post-101037","post","type-post","status-publish","format-standard","hentry","category-breaking-news"],"_links":{"self":[{"href":"https:\/\/www.giurgiuveanul.ro\/stiri\/wp-json\/wp\/v2\/posts\/101037","targetHints":{"allow":["GET"]}}],"collection":[{"href":"https:\/\/www.giurgiuveanul.ro\/stiri\/wp-json\/wp\/v2\/posts"}],"about":[{"href":"https:\/\/www.giurgiuveanul.ro\/stiri\/wp-json\/wp\/v2\/types\/post"}],"author":[{"embeddable":true,"href":"https:\/\/www.giurgiuveanul.ro\/stiri\/wp-json\/wp\/v2\/users\/1"}],"replies":[{"embeddable":true,"href":"https:\/\/www.giurgiuveanul.ro\/stiri\/wp-json\/wp\/v2\/comments?post=101037"}],"version-history":[{"count":0,"href":"https:\/\/www.giurgiuveanul.ro\/stiri\/wp-json\/wp\/v2\/posts\/101037\/revisions"}],"wp:attachment":[{"href":"https:\/\/www.giurgiuveanul.ro\/stiri\/wp-json\/wp\/v2\/media?parent=101037"}],"wp:term":[{"taxonomy":"category","embeddable":true,"href":"https:\/\/www.giurgiuveanul.ro\/stiri\/wp-json\/wp\/v2\/categories?post=101037"},{"taxonomy":"post_tag","embeddable":true,"href":"https:\/\/www.giurgiuveanul.ro\/stiri\/wp-json\/wp\/v2\/tags?post=101037"}],"curies":[{"name":"wp","href":"https:\/\/api.w.org\/{rel}","templated":true}]}}