{"id":101059,"date":"2023-10-31T09:08:27","date_gmt":"2023-10-31T07:08:27","guid":{"rendered":"https:\/\/www.giurgiuveanul.ro\/stiri\/?p=101059"},"modified":"2023-10-31T09:09:15","modified_gmt":"2023-10-31T07:09:15","slug":"europarlamentar-dan-motreanu-presedintele-pnl-giurgiu-5-041-de-copii-din-14-unitati-de-invatamant-din-judetul-giurgiu-vor-beneficia-in-acest-an-scolar-de-programul-masa-calda","status":"publish","type":"post","link":"https:\/\/www.giurgiuveanul.ro\/stiri\/europarlamentar-dan-motreanu-presedintele-pnl-giurgiu-5-041-de-copii-din-14-unitati-de-invatamant-din-judetul-giurgiu-vor-beneficia-in-acest-an-scolar-de-programul-masa-calda\/","title":{"rendered":"Europarlamentar Dan Motreanu, pre\u015fedintele PNL Giurgiu: \u201e5.041 de copii din 14 unit\u0103\u021bi de \u00eenv\u0103\u021b\u0103m\u00e2nt din jude\u021bul Giurgiu vor beneficia \u00een acest an \u0219colar de programul \u201dMasa cald\u0103\u201d \u00een \u0219coli\u201d"},"content":{"rendered":"<p style=\"text-align: justify;\"><a href=\"https:\/\/www.giurgiuveanul.ro\/stiri\/wp-content\/uploads\/2023\/10\/000-Dan-Motreanu.jpg\"><img loading=\"lazy\" decoding=\"async\" class=\"aligncenter wp-image-101060\" src=\"https:\/\/www.giurgiuveanul.ro\/stiri\/wp-content\/uploads\/2023\/10\/000-Dan-Motreanu-560x414.jpg\" alt=\"\" width=\"579\" height=\"428\" srcset=\"https:\/\/www.giurgiuveanul.ro\/stiri\/wp-content\/uploads\/2023\/10\/000-Dan-Motreanu-560x414.jpg 560w, https:\/\/www.giurgiuveanul.ro\/stiri\/wp-content\/uploads\/2023\/10\/000-Dan-Motreanu-250x185.jpg 250w, https:\/\/www.giurgiuveanul.ro\/stiri\/wp-content\/uploads\/2023\/10\/000-Dan-Motreanu-768x568.jpg 768w, https:\/\/www.giurgiuveanul.ro\/stiri\/wp-content\/uploads\/2023\/10\/000-Dan-Motreanu-1536x1136.jpg 1536w, https:\/\/www.giurgiuveanul.ro\/stiri\/wp-content\/uploads\/2023\/10\/000-Dan-Motreanu-400x296.jpg 400w, https:\/\/www.giurgiuveanul.ro\/stiri\/wp-content\/uploads\/2023\/10\/000-Dan-Motreanu.jpg 1633w\" sizes=\"auto, (max-width: 579px) 100vw, 579px\" \/><\/a>5.041 de copii din 14 unit\u0103\u021bi de \u00eenv\u0103\u021b\u0103m\u00e2nt din jude\u021bul Giurgiu<!--more--> vor beneficia \u00een acest an \u0219colar de programul \u201dMasa cald\u0103\u201d \u00een \u0219coli.<\/p>\n<p style=\"text-align: justify;\">Lista celor 450 de \u00eenv\u0103\u021b\u0103m\u00e2nt beneficiare la nivel na\u021bional a fost publicat\u0103 de Ministerul Educa\u021biei. Din jude\u021bul Giurgiu au fost incluse, \u0219i \u00een acest an, \u0219colile din Flore\u0219ti-Stoene\u0219ti, St\u0103ne\u0219ti, Bolintin-Deal, Ghimpa\u021bi, Toporu, Her\u0103\u0219ti, Schitu, Vedea, Cosoba, Buc\u0219ani, R\u0103suceni, V\u0103r\u0103\u0219ti \u0219i Mihai Bravu \u0219i liceul din comuna Hotarele.<\/p>\n<p><a href=\"https:\/\/www.giurgiuveanul.ro\/stiri\/wp-content\/uploads\/2023\/10\/000-p-Motreanu.jpg\"><img loading=\"lazy\" decoding=\"async\" class=\"aligncenter  wp-image-101062\" src=\"https:\/\/www.giurgiuveanul.ro\/stiri\/wp-content\/uploads\/2023\/10\/000-p-Motreanu-560x381.jpg\" alt=\"\" width=\"579\" height=\"394\" srcset=\"https:\/\/www.giurgiuveanul.ro\/stiri\/wp-content\/uploads\/2023\/10\/000-p-Motreanu-560x381.jpg 560w, https:\/\/www.giurgiuveanul.ro\/stiri\/wp-content\/uploads\/2023\/10\/000-p-Motreanu-250x170.jpg 250w, https:\/\/www.giurgiuveanul.ro\/stiri\/wp-content\/uploads\/2023\/10\/000-p-Motreanu-768x523.jpg 768w, https:\/\/www.giurgiuveanul.ro\/stiri\/wp-content\/uploads\/2023\/10\/000-p-Motreanu-400x272.jpg 400w, https:\/\/www.giurgiuveanul.ro\/stiri\/wp-content\/uploads\/2023\/10\/000-p-Motreanu.jpg 1107w\" sizes=\"auto, (max-width: 579px) 100vw, 579px\" \/><\/a><\/p>\n<p style=\"text-align: justify;\">La preluarea guvern\u0103rii de c\u0103tre PNL, 50 de \u0219coli beneficiau de acest program \u00een toat\u0103 \u021bara. \u00cen 2020, num\u0103rul acestora a fost majorat la 150, iar \u00een 2022 au fost efecutate trei major\u0103ri \u2013 de 150 la 300, de la 300 la 350 \u0219i de la 350 la 450.<\/p>\n<p style=\"text-align: justify;\">Prin acest program, Ministerul Educa\u021biei \u00ee\u0219i propune s\u0103 contribuie la prevenirea excluziunii sociale, abandonului \u015fcolar \u015fi la \u00eembun\u0103t\u0103\u021birea performan\u0163elor \u015fcolare. Copiii nu mai absenteaz\u0103 de la \u0219coal\u0103 \u0219i au o mas\u0103 cald\u0103 la o or\u0103 fix\u0103.<\/p>\n<p style=\"text-align: justify;\">Ministerul Educa\u021biei \u00ee\u0219i propune s\u0103 extind\u0103 programul la nivel na\u021bional iar succesul programului pilot este un argument \u00een acest sens. \u00cen urma analizei realizate de Ministerul Educa\u021biei, pe parcursul derul\u0103rii proiectului, se va decide asupra oportunit\u0103\u021bii extinderii acestui program la nivel na\u021bional.<\/p>\n","protected":false},"excerpt":{"rendered":"<p>5.041 de copii din 14 unit\u0103\u021bi de \u00eenv\u0103\u021b\u0103m\u00e2nt din jude\u021bul Giurgiu<\/p>\n","protected":false},"author":1,"featured_media":0,"comment_status":"open","ping_status":"open","sticky":false,"template":"","format":"standard","meta":{"footnotes":""},"categories":[6],"tags":[],"class_list":["post-101059","post","type-post","status-publish","format-standard","hentry","category-breaking-news"],"_links":{"self":[{"href":"https:\/\/www.giurgiuveanul.ro\/stiri\/wp-json\/wp\/v2\/posts\/101059","targetHints":{"allow":["GET"]}}],"collection":[{"href":"https:\/\/www.giurgiuveanul.ro\/stiri\/wp-json\/wp\/v2\/posts"}],"about":[{"href":"https:\/\/www.giurgiuveanul.ro\/stiri\/wp-json\/wp\/v2\/types\/post"}],"author":[{"embeddable":true,"href":"https:\/\/www.giurgiuveanul.ro\/stiri\/wp-json\/wp\/v2\/users\/1"}],"replies":[{"embeddable":true,"href":"https:\/\/www.giurgiuveanul.ro\/stiri\/wp-json\/wp\/v2\/comments?post=101059"}],"version-history":[{"count":0,"href":"https:\/\/www.giurgiuveanul.ro\/stiri\/wp-json\/wp\/v2\/posts\/101059\/revisions"}],"wp:attachment":[{"href":"https:\/\/www.giurgiuveanul.ro\/stiri\/wp-json\/wp\/v2\/media?parent=101059"}],"wp:term":[{"taxonomy":"category","embeddable":true,"href":"https:\/\/www.giurgiuveanul.ro\/stiri\/wp-json\/wp\/v2\/categories?post=101059"},{"taxonomy":"post_tag","embeddable":true,"href":"https:\/\/www.giurgiuveanul.ro\/stiri\/wp-json\/wp\/v2\/tags?post=101059"}],"curies":[{"name":"wp","href":"https:\/\/api.w.org\/{rel}","templated":true}]}}