{"id":101064,"date":"2023-10-31T15:04:24","date_gmt":"2023-10-31T13:04:24","guid":{"rendered":"https:\/\/www.giurgiuveanul.ro\/stiri\/?p=101064"},"modified":"2023-10-31T15:04:24","modified_gmt":"2023-10-31T13:04:24","slug":"un-nou-protest-al-politistilor-giurgiuveni-din-cadrul-sindicatului-europol-si-al-sindicatului-national-al-politistilor-si-personalului-contractual","status":"publish","type":"post","link":"https:\/\/www.giurgiuveanul.ro\/stiri\/un-nou-protest-al-politistilor-giurgiuveni-din-cadrul-sindicatului-europol-si-al-sindicatului-national-al-politistilor-si-personalului-contractual\/","title":{"rendered":"Un nou protest al poli\u021bi\u0219tilor giurgiuveni \u2013 din cadrul Sindicatului Europol \u0219i al Sindicatului Na\u0163ional al Poli\u021bi\u0219tilor \u0219i Personalului Contractual"},"content":{"rendered":"<p style=\"text-align: justify;\"><strong><a href=\"https:\/\/www.giurgiuveanul.ro\/stiri\/wp-content\/uploads\/2023\/10\/000-protest.jpg\"><img loading=\"lazy\" decoding=\"async\" class=\"aligncenter  wp-image-101065\" src=\"https:\/\/www.giurgiuveanul.ro\/stiri\/wp-content\/uploads\/2023\/10\/000-protest-560x352.jpg\" alt=\"\" width=\"582\" height=\"366\" srcset=\"https:\/\/www.giurgiuveanul.ro\/stiri\/wp-content\/uploads\/2023\/10\/000-protest-560x352.jpg 560w, https:\/\/www.giurgiuveanul.ro\/stiri\/wp-content\/uploads\/2023\/10\/000-protest-250x157.jpg 250w, https:\/\/www.giurgiuveanul.ro\/stiri\/wp-content\/uploads\/2023\/10\/000-protest-768x483.jpg 768w, https:\/\/www.giurgiuveanul.ro\/stiri\/wp-content\/uploads\/2023\/10\/000-protest-400x251.jpg 400w, https:\/\/www.giurgiuveanul.ro\/stiri\/wp-content\/uploads\/2023\/10\/000-protest.jpg 1500w\" sizes=\"auto, (max-width: 582px) 100vw, 582px\" \/><\/a>Ast\u0103zi, poli\u021bi\u0219tii giurgiuveni<!--more--> membri ai Sindicatului Europol \u0219i Sindicatului National al Poli\u021bi\u0219tilor \u0219i Personalului Contractual au protestat, pentru a doua oar\u0103, \u00een fa\u021ba sediului IPJ Giurgiu, \u00eentre orele 10:00-12:00.<\/strong><\/p>\n<p style=\"text-align: justify;\">\n<p style=\"text-align: justify;\">Obiectivul revendic\u0103rilor este reprezentat de nemul\u021bumirea poli\u021bi\u0219tilor fa\u021b\u0103 de inten\u021bia conducerii acestei institutii de a le modifica programul de lucru, f\u0103r\u0103 s\u0103 existe m\u0103car o analiz\u0103 asupra indicatorilor profesionali din care s\u0103 rezulte necesitatea implement\u0103rii unei astfel de decizii.<\/p>\n<p style=\"text-align: justify;\">\n<p style=\"text-align: justify;\">Din p\u0103cate constat\u0103m c\u0103 p\u00e2n\u0103 la acest la moment dialogul social pe tema programului de lucru a fost doar mimat de c\u0103tre actuala conducere a institu\u021biei care nu a \u021binut cont de revendic\u0103rile poli\u021bi\u0219tilor, cu toate c\u0103 argumentele conducerii IPJ Giurgiu referitoare la m\u0103rirea num\u0103rului de efective stradale printr-o astfel de m\u0103sur\u0103 s-au dovedit a fi nepalpabile.<\/p>\n<p style=\"text-align: justify;\">\n<p style=\"text-align: justify;\"><em>\u201eColegii no\u0219tri au r\u0103mas cu un gust amar \u0219i \u00een momentul \u00een care au constatat c\u0103 pre\u0219edintele Corpului National al Poli\u021bi\u0219tilor, organiza\u021bie profesional\u0103 despre care \u0219tiau c\u0103 ar trebui s\u0103 le reprezinte drepturile, nu i-a consultat sub nicio form\u0103, fiind unul dintre promotorii ideii de modificare a programului de lucru. Mimarea dialogului social ne-a condus la momente unice \u00een privin\u021ba relatiei dintre angaja\u021bi \u0219i angajatori, motiv pentru care ne afl\u0103m \u00eentr-un moment istoric \u00een care poli\u021bi\u0219tii sunt nevoi\u021bi s\u0103 protesteze \u00een fa\u021ba sediului IPJ Giurgiu\u201d,<\/em> se arat\u0103 \u00een comunicatul remis presei.<\/p>\n","protected":false},"excerpt":{"rendered":"<p>Ast\u0103zi, poli\u021bi\u0219tii giurgiuveni<\/p>\n","protected":false},"author":1,"featured_media":0,"comment_status":"open","ping_status":"open","sticky":false,"template":"","format":"standard","meta":{"footnotes":""},"categories":[6],"tags":[],"class_list":["post-101064","post","type-post","status-publish","format-standard","hentry","category-breaking-news"],"_links":{"self":[{"href":"https:\/\/www.giurgiuveanul.ro\/stiri\/wp-json\/wp\/v2\/posts\/101064","targetHints":{"allow":["GET"]}}],"collection":[{"href":"https:\/\/www.giurgiuveanul.ro\/stiri\/wp-json\/wp\/v2\/posts"}],"about":[{"href":"https:\/\/www.giurgiuveanul.ro\/stiri\/wp-json\/wp\/v2\/types\/post"}],"author":[{"embeddable":true,"href":"https:\/\/www.giurgiuveanul.ro\/stiri\/wp-json\/wp\/v2\/users\/1"}],"replies":[{"embeddable":true,"href":"https:\/\/www.giurgiuveanul.ro\/stiri\/wp-json\/wp\/v2\/comments?post=101064"}],"version-history":[{"count":0,"href":"https:\/\/www.giurgiuveanul.ro\/stiri\/wp-json\/wp\/v2\/posts\/101064\/revisions"}],"wp:attachment":[{"href":"https:\/\/www.giurgiuveanul.ro\/stiri\/wp-json\/wp\/v2\/media?parent=101064"}],"wp:term":[{"taxonomy":"category","embeddable":true,"href":"https:\/\/www.giurgiuveanul.ro\/stiri\/wp-json\/wp\/v2\/categories?post=101064"},{"taxonomy":"post_tag","embeddable":true,"href":"https:\/\/www.giurgiuveanul.ro\/stiri\/wp-json\/wp\/v2\/tags?post=101064"}],"curies":[{"name":"wp","href":"https:\/\/api.w.org\/{rel}","templated":true}]}}