{"id":101067,"date":"2023-10-31T15:16:35","date_gmt":"2023-10-31T13:16:35","guid":{"rendered":"https:\/\/www.giurgiuveanul.ro\/stiri\/?p=101067"},"modified":"2023-10-31T15:16:35","modified_gmt":"2023-10-31T13:16:35","slug":"inspectoratul-de-politie-judetean-giurgiu-comunicat-de-presa","status":"publish","type":"post","link":"https:\/\/www.giurgiuveanul.ro\/stiri\/inspectoratul-de-politie-judetean-giurgiu-comunicat-de-presa\/","title":{"rendered":"Inspectoratul de Poli\u0163ie Jude\u0163ean Giurgiu: Comunicat de pres\u0103"},"content":{"rendered":"<p style=\"text-align: justify;\"><a href=\"https:\/\/www.giurgiuveanul.ro\/stiri\/wp-content\/uploads\/2023\/10\/0000-IPJGiurgiu2.jpg\"><img loading=\"lazy\" decoding=\"async\" class=\"aligncenter  wp-image-101068\" src=\"https:\/\/www.giurgiuveanul.ro\/stiri\/wp-content\/uploads\/2023\/10\/0000-IPJGiurgiu2.jpg\" alt=\"\" width=\"577\" height=\"368\" srcset=\"https:\/\/www.giurgiuveanul.ro\/stiri\/wp-content\/uploads\/2023\/10\/0000-IPJGiurgiu2.jpg 483w, https:\/\/www.giurgiuveanul.ro\/stiri\/wp-content\/uploads\/2023\/10\/0000-IPJGiurgiu2-250x159.jpg 250w, https:\/\/www.giurgiuveanul.ro\/stiri\/wp-content\/uploads\/2023\/10\/0000-IPJGiurgiu2-400x255.jpg 400w\" sizes=\"auto, (max-width: 577px) 100vw, 577px\" \/><\/a>Av\u00e2nd \u00een vedere protestele organizate \u00een fa\u021ba Inspectoratului de Poli\u021bie Jude\u021bean Giurgiu, de c\u0103tre poli\u021bi\u0219tii din<!--more--> mediul urban, \u00een zilele de 30 \u0219i 31 octombrie a.c., ca urmare a faptului c\u0103 \u00eencep\u00e2nd cu data de 1 noiembrie a.c., programul de lucru al acestora se va modifica de la tura de 12 ore la schimb de 8 ore, comunic\u0103m urm\u0103toarele:<\/p>\n<p style=\"text-align: justify;\">\n<p style=\"text-align: justify;\">La data de 19 octombrie a.c., a fost emis\u0103 dispozi\u021bia \u0219efului Inspectoratului nr.25696, prin care, \u00eencep\u00e2nd cu data de 1 noiembrie a.c., poli\u021bi\u0219tilor structurilor de siguran\u021b\u0103 public\u0103 \u0219i patrulare din mediul urban \u0219i cei ai structurilor de poli\u021bie rutier\u0103, li se va organiza programul de lucru cu respectarea cadrului legal \u0219i dispozi\u021bional \u00een vigoare.<\/p>\n<p style=\"text-align: justify;\">\n<p style=\"text-align: justify;\">Acest act administrativ a fost emis pentru eficien\u021ba folosirii resurselor \u0219i pentru \u00eembun\u0103t\u0103\u021birea calit\u0103\u021bii serviciului poli\u021bienesc asigurat cet\u0103\u021benilor.<\/p>\n","protected":false},"excerpt":{"rendered":"<p>Av\u00e2nd \u00een vedere protestele organizate \u00een fa\u021ba Inspectoratului de Poli\u021bie Jude\u021bean Giurgiu, de c\u0103tre poli\u021bi\u0219tii din<\/p>\n","protected":false},"author":1,"featured_media":0,"comment_status":"open","ping_status":"open","sticky":false,"template":"","format":"standard","meta":{"footnotes":""},"categories":[6],"tags":[],"class_list":["post-101067","post","type-post","status-publish","format-standard","hentry","category-breaking-news"],"_links":{"self":[{"href":"https:\/\/www.giurgiuveanul.ro\/stiri\/wp-json\/wp\/v2\/posts\/101067","targetHints":{"allow":["GET"]}}],"collection":[{"href":"https:\/\/www.giurgiuveanul.ro\/stiri\/wp-json\/wp\/v2\/posts"}],"about":[{"href":"https:\/\/www.giurgiuveanul.ro\/stiri\/wp-json\/wp\/v2\/types\/post"}],"author":[{"embeddable":true,"href":"https:\/\/www.giurgiuveanul.ro\/stiri\/wp-json\/wp\/v2\/users\/1"}],"replies":[{"embeddable":true,"href":"https:\/\/www.giurgiuveanul.ro\/stiri\/wp-json\/wp\/v2\/comments?post=101067"}],"version-history":[{"count":0,"href":"https:\/\/www.giurgiuveanul.ro\/stiri\/wp-json\/wp\/v2\/posts\/101067\/revisions"}],"wp:attachment":[{"href":"https:\/\/www.giurgiuveanul.ro\/stiri\/wp-json\/wp\/v2\/media?parent=101067"}],"wp:term":[{"taxonomy":"category","embeddable":true,"href":"https:\/\/www.giurgiuveanul.ro\/stiri\/wp-json\/wp\/v2\/categories?post=101067"},{"taxonomy":"post_tag","embeddable":true,"href":"https:\/\/www.giurgiuveanul.ro\/stiri\/wp-json\/wp\/v2\/tags?post=101067"}],"curies":[{"name":"wp","href":"https:\/\/api.w.org\/{rel}","templated":true}]}}