{"id":101070,"date":"2023-11-01T08:38:45","date_gmt":"2023-11-01T06:38:45","guid":{"rendered":"https:\/\/www.giurgiuveanul.ro\/stiri\/?p=101070"},"modified":"2023-11-01T08:39:20","modified_gmt":"2023-11-01T06:39:20","slug":"dgaspc-infiintare-centru-de-zi-pentru-adulti-cu-dizabilitati-in-municipiul-giurgiu","status":"publish","type":"post","link":"https:\/\/www.giurgiuveanul.ro\/stiri\/dgaspc-infiintare-centru-de-zi-pentru-adulti-cu-dizabilitati-in-municipiul-giurgiu\/","title":{"rendered":"DGASPC. \u00cenfiin\u021bare Centru de Zi pentru adul\u021bi cu dizabilit\u0103\u021bi \u00een municipiul Giurgiu"},"content":{"rendered":"<p style=\"text-align: justify;\"><a href=\"https:\/\/www.giurgiuveanul.ro\/stiri\/wp-content\/uploads\/2023\/11\/000-DGASPC-Giurgiu.jpg\"><img loading=\"lazy\" decoding=\"async\" class=\"aligncenter wp-image-101071\" src=\"https:\/\/www.giurgiuveanul.ro\/stiri\/wp-content\/uploads\/2023\/11\/000-DGASPC-Giurgiu-560x377.jpg\" alt=\"\" width=\"572\" height=\"385\" srcset=\"https:\/\/www.giurgiuveanul.ro\/stiri\/wp-content\/uploads\/2023\/11\/000-DGASPC-Giurgiu-560x377.jpg 560w, https:\/\/www.giurgiuveanul.ro\/stiri\/wp-content\/uploads\/2023\/11\/000-DGASPC-Giurgiu-250x168.jpg 250w, https:\/\/www.giurgiuveanul.ro\/stiri\/wp-content\/uploads\/2023\/11\/000-DGASPC-Giurgiu-768x516.jpg 768w, https:\/\/www.giurgiuveanul.ro\/stiri\/wp-content\/uploads\/2023\/11\/000-DGASPC-Giurgiu-400x269.jpg 400w, https:\/\/www.giurgiuveanul.ro\/stiri\/wp-content\/uploads\/2023\/11\/000-DGASPC-Giurgiu.jpg 800w\" sizes=\"auto, (max-width: 572px) 100vw, 572px\" \/><\/a>Un centru de zi pentru adul\u021bi cu dizabilit\u0103\u021bi<!--more--> va fi \u00eenfiin\u021bat \u00een municipiul Giurgiu, jude\u021bul Giurgiu; \u00een data de 30 octombrie 2023 a fost acceptat\u0103 finan\u021barea proiectului \u201dCentru de zi pentru adul\u021bi \u00een jude\u021bul Giurgiu\u201d. Acordarea finan\u021b\u0103rii de c\u0103tre\u00a0 Ministerul Muncii \u0219i Solidarit\u0103\u021bii Sociale se face prin bugetul alocat \u00een cadrul Planului Na\u021bional de Redresare \u0219i Rezilien\u021b\u0103 (PNRR), valoarea total\u0103 a finan\u021b\u0103rii nerambursabile a\u00a0 proiectului fiind de 3.962.676, 94 lei.<\/p>\n<p style=\"text-align: justify;\">Proiectul va fi implementat de Direc\u021bia General\u0103 de Asisten\u021b\u0103 Social\u0103 \u0219i Protec\u021bia Copilului Giurgiu p\u00e2n\u0103 la data de 31.12.2025.<\/p>\n<p style=\"text-align: justify;\">Grupul \u0163int\u0103 al proiectului este constituit din persoane adulte cu dizabilit\u0103\u021bi din comunitate si persoane adulte cu dizabilit\u0103\u021bi asistate \u00een institu\u021bii de tip reziden\u021bial. Centrul de zi pentru persoane cu dizabilit\u0103\u021bi va fi \u00eenfiin\u021bat prin demolarea Casei de tip familial <em>Mihaela<\/em> (\u00een prezent dezafectat\u0103) \u0219i construirea, amenajarea \u0219i dotarea \u00a0unei cl\u0103diri situate \u00een str. Miron Costin din municipiul Giurgiu.<\/p>\n<p style=\"text-align: justify;\"><em>\u201cAceasta este cel de-al doilea proiect <\/em><em>finan<\/em><em>\u021b<\/em><em>at din fonduri alocate prin\u00a0 PNRR<\/em> <em>\u00ee<\/em><em>ncep<\/em><em>\u00e2<\/em><em>nd cu anul 2023 de D.G.A.S.P.C. Giurgiu. <\/em><em>Prin \u00eenfiin\u021barea centrului de zi \u00een municipiul Giurgiu, destinat persoanelor cu dizabilit\u0103\u021bi (minimum 20 persoane\/zi), vor fi dezvoltate \u0219i implementate \u0219ase noi tipuri de servicii sociale comunitare pentru beneficiari: informare \u015fi consiliere, dezvoltarea abilit\u0103\u021bilor pentru via\u021b\u0103 independent\u0103, abilitare \u0219i reabilitare, integrare social\u0103, preg\u0103tire pentru munc\u0103, sprijin pentru integrarea \u00een munc\u0103. Accesul persoanelor cu dizabilit\u0103\u021bi la centrul de zi va fi asigurat prin achizi\u021bionarea unui mijloc de transport, av\u00e2nd in vedere c\u0103 mul\u021bi dintre beneficiari nu se pot deplasa singuri \u0219i nu pot fi adu\u0219i la centrul de zi de c\u0103tre familii. Beneficiarii indirec\u021bi sunt \u0219i familiile persoanelor adulte cu dizabilit\u0103\u021bi precum \u0219i asisten\u021bii personali, care vor fi absolvi\u021bi o perioad\u0103 determinat\u0103 de timp pe parcursul unei zile, de responsabilitatea \u00eengrijirii, astfel \u00eenc\u00e2t institu\u021bionalizarea acestuia s\u0103 nu mai fie singura op\u021biune de a-\u0219i reface for\u021bele fizice si psihice, at\u00e2t de necesare pentru a \u00eengriji corespunz\u0103tor o persoana vulnerabil\u0103. Serviciile prev\u0103zute contribuie la realizarea procesului de tranzi\u021bie c\u0103tre via\u021b\u0103 independent\u0103 a acestor beneficiari \u0219i facilitarea procesului de integrare \u00een comunitate<\/em><em>\u201d<\/em><em>,<\/em> a declarat <strong>Constan\u021ba Ioana Paraschivescu<\/strong>, director adjunct \u00een cadrul D.G.A.S.P.C. Giurgiu.<\/p>\n<p style=\"text-align: center;\"><em>D.G.A.S.P.C. Giurgiu<\/em><\/p>\n","protected":false},"excerpt":{"rendered":"<p>Un centru de zi pentru adul\u021bi cu dizabilit\u0103\u021bi<\/p>\n","protected":false},"author":1,"featured_media":0,"comment_status":"open","ping_status":"open","sticky":false,"template":"","format":"standard","meta":{"footnotes":""},"categories":[6],"tags":[],"class_list":["post-101070","post","type-post","status-publish","format-standard","hentry","category-breaking-news"],"_links":{"self":[{"href":"https:\/\/www.giurgiuveanul.ro\/stiri\/wp-json\/wp\/v2\/posts\/101070","targetHints":{"allow":["GET"]}}],"collection":[{"href":"https:\/\/www.giurgiuveanul.ro\/stiri\/wp-json\/wp\/v2\/posts"}],"about":[{"href":"https:\/\/www.giurgiuveanul.ro\/stiri\/wp-json\/wp\/v2\/types\/post"}],"author":[{"embeddable":true,"href":"https:\/\/www.giurgiuveanul.ro\/stiri\/wp-json\/wp\/v2\/users\/1"}],"replies":[{"embeddable":true,"href":"https:\/\/www.giurgiuveanul.ro\/stiri\/wp-json\/wp\/v2\/comments?post=101070"}],"version-history":[{"count":0,"href":"https:\/\/www.giurgiuveanul.ro\/stiri\/wp-json\/wp\/v2\/posts\/101070\/revisions"}],"wp:attachment":[{"href":"https:\/\/www.giurgiuveanul.ro\/stiri\/wp-json\/wp\/v2\/media?parent=101070"}],"wp:term":[{"taxonomy":"category","embeddable":true,"href":"https:\/\/www.giurgiuveanul.ro\/stiri\/wp-json\/wp\/v2\/categories?post=101070"},{"taxonomy":"post_tag","embeddable":true,"href":"https:\/\/www.giurgiuveanul.ro\/stiri\/wp-json\/wp\/v2\/tags?post=101070"}],"curies":[{"name":"wp","href":"https:\/\/api.w.org\/{rel}","templated":true}]}}