{"id":101081,"date":"2023-11-01T16:33:10","date_gmt":"2023-11-01T14:33:10","guid":{"rendered":"https:\/\/www.giurgiuveanul.ro\/stiri\/?p=101081"},"modified":"2023-11-01T16:33:50","modified_gmt":"2023-11-01T14:33:50","slug":"fii-tu-eroul-din-spatele-uniformei-de-politist","status":"publish","type":"post","link":"https:\/\/www.giurgiuveanul.ro\/stiri\/fii-tu-eroul-din-spatele-uniformei-de-politist\/","title":{"rendered":"Fii tu eroul din spatele uniformei de poli\u021bist!"},"content":{"rendered":"<p style=\"text-align: justify;\"><strong><a href=\"https:\/\/www.giurgiuveanul.ro\/stiri\/wp-content\/uploads\/2023\/11\/1.jpeg\"><img loading=\"lazy\" decoding=\"async\" class=\"aligncenter wp-image-101082\" src=\"https:\/\/www.giurgiuveanul.ro\/stiri\/wp-content\/uploads\/2023\/11\/1-560x357.jpeg\" alt=\"\" width=\"580\" height=\"370\" srcset=\"https:\/\/www.giurgiuveanul.ro\/stiri\/wp-content\/uploads\/2023\/11\/1-560x357.jpeg 560w, https:\/\/www.giurgiuveanul.ro\/stiri\/wp-content\/uploads\/2023\/11\/1-250x159.jpeg 250w, https:\/\/www.giurgiuveanul.ro\/stiri\/wp-content\/uploads\/2023\/11\/1-768x490.jpeg 768w, https:\/\/www.giurgiuveanul.ro\/stiri\/wp-content\/uploads\/2023\/11\/1-400x255.jpeg 400w, https:\/\/www.giurgiuveanul.ro\/stiri\/wp-content\/uploads\/2023\/11\/1.jpeg 1040w\" sizes=\"auto, (max-width: 580px) 100vw, 580px\" \/><\/a>Ast\u0103zi, 1 noiembrie a.c., poli\u021bi\u0219tii din cadrul Inspectoratului de Poli\u021bie Jude\u021bean Giurgiu<!--more--> au desf\u0103\u0219urat activit\u0103\u021bi \u00een scopul promov\u0103rii meseriei de poli\u021bist, precum \u0219i de informare despre modalit\u0103\u021bile de admitere \u00een cadrul unei unit\u0103\u021bi de \u00eenv\u0103\u021b\u0103m\u00e2nt din cadrul Ministerului Afacerilor Interne.<\/strong><\/p>\n<p style=\"text-align: justify;\">Nu au lipsit subiectele legate de uniforma de poli\u021bie, via\u021ba de zi cu zi a unui poli\u021bist, specializ\u0103rile \u00een profesie sau importan\u021ba rela\u021bion\u0103rii cu cet\u0103\u021beanul.<\/p>\n<p style=\"text-align: justify;\">Tinerilor interesa\u021bi li s-a explicat faptul c\u0103 poli\u021bistul lupt\u0103 \u00eempotriva criminalit\u0103\u021bii \u0219i infrac\u021biunilor, men\u021bine ordinea public\u0103 \u0219i securitatea personal\u0103 a cet\u0103\u021benilor, oferindu-le \u0219i exemple din experien\u021ba acestora.<\/p>\n<p><a href=\"https:\/\/www.giurgiuveanul.ro\/stiri\/wp-content\/uploads\/2023\/11\/2.jpeg\"><img loading=\"lazy\" decoding=\"async\" class=\"aligncenter  wp-image-101084\" src=\"https:\/\/www.giurgiuveanul.ro\/stiri\/wp-content\/uploads\/2023\/11\/2-560x391.jpeg\" alt=\"\" width=\"573\" height=\"400\" srcset=\"https:\/\/www.giurgiuveanul.ro\/stiri\/wp-content\/uploads\/2023\/11\/2-560x391.jpeg 560w, https:\/\/www.giurgiuveanul.ro\/stiri\/wp-content\/uploads\/2023\/11\/2-250x175.jpeg 250w, https:\/\/www.giurgiuveanul.ro\/stiri\/wp-content\/uploads\/2023\/11\/2-768x536.jpeg 768w, https:\/\/www.giurgiuveanul.ro\/stiri\/wp-content\/uploads\/2023\/11\/2-400x279.jpeg 400w, https:\/\/www.giurgiuveanul.ro\/stiri\/wp-content\/uploads\/2023\/11\/2.jpeg 941w\" sizes=\"auto, (max-width: 573px) 100vw, 573px\" \/><\/a> <a href=\"https:\/\/www.giurgiuveanul.ro\/stiri\/wp-content\/uploads\/2023\/11\/3.jpeg\"><img loading=\"lazy\" decoding=\"async\" class=\"aligncenter  wp-image-101085\" src=\"https:\/\/www.giurgiuveanul.ro\/stiri\/wp-content\/uploads\/2023\/11\/3-560x407.jpeg\" alt=\"\" width=\"572\" height=\"416\" srcset=\"https:\/\/www.giurgiuveanul.ro\/stiri\/wp-content\/uploads\/2023\/11\/3-560x407.jpeg 560w, https:\/\/www.giurgiuveanul.ro\/stiri\/wp-content\/uploads\/2023\/11\/3-250x182.jpeg 250w, https:\/\/www.giurgiuveanul.ro\/stiri\/wp-content\/uploads\/2023\/11\/3-768x558.jpeg 768w, https:\/\/www.giurgiuveanul.ro\/stiri\/wp-content\/uploads\/2023\/11\/3-400x291.jpeg 400w, https:\/\/www.giurgiuveanul.ro\/stiri\/wp-content\/uploads\/2023\/11\/3.jpeg 889w\" sizes=\"auto, (max-width: 572px) 100vw, 572px\" \/><\/a><\/p>\n<p style=\"text-align: justify;\">Poli\u021bi\u0219tii le-au prezentat diversele activit\u0103\u021bi pe care le desf\u0103\u0219oar\u0103, care sunt drepturile, dar \u0219i obliga\u021biile poli\u021bi\u0219tilor,\u00a0 precum \u0219i condi\u021biile pe care trebuie s\u0103 le \u00eendeplineasc\u0103 pentru admiterea \u00een institu\u021biile de \u00eenv\u0103\u021b\u0103m\u00e2nt ale Ministerului Afacerilor Interne.<\/p>\n<p style=\"text-align: justify;\">Totodat\u0103, poli\u021bi\u0219tii le-au adus la cuno\u0219tin\u021b\u0103 faptul c\u0103 documentele necesare \u00eenscrierii se trimit, exclusiv \u00een format electronic, pe adresa de e-mail a unit\u0103\u021bii, respectiv resurseumane@gr.politiaromana.ro, p\u00e2n\u0103 la data de 05 noiembrie a.c., inclusiv \u00een zilele de s\u00e2mb\u0103t\u0103 \u0219i duminic\u0103.<\/p>\n<p style=\"text-align: justify;\">Mai multe informa\u021bii despre condi\u021biile de recrutare, modelele documentelor \u0219i despre alte neclarit\u0103\u021bi referitoare la admiterea \u00een \u0219colile de agen\u021bi de poli\u021bie, pot fi accesate gratuit pe pagina de internet a Inspectoratului de Poli\u021bie Jude\u021bean Giurgiu, la sec\u021biunea \u201dCarier\u0103 \u2013 \u201dAdmitere institu\u021bii \u00eenv\u0103\u021b\u0103m\u00e2nt\u201d.<\/p>\n<p style=\"text-align: justify;\">De asemenea, pentru detalii referitoare la sesiunea de recrutare la nivel na\u021bional, accesa\u021bi gratuit link-ul <a href=\"https:\/\/www.mai.gov.ro\/cariera\/institutii-de-invatamant-formare-profesionala\/\">https:\/\/www.mai.gov.ro\/cariera\/institutii-de-invatamant-formare-profesionala\/<\/a>.<\/p>\n<p style=\"text-align: justify;\"><strong>Mult succes candida\u021bilor!<\/strong><\/p>\n","protected":false},"excerpt":{"rendered":"<p>Ast\u0103zi, 1 noiembrie a.c., poli\u021bi\u0219tii din cadrul Inspectoratului de Poli\u021bie Jude\u021bean Giurgiu<\/p>\n","protected":false},"author":1,"featured_media":0,"comment_status":"open","ping_status":"open","sticky":false,"template":"","format":"standard","meta":{"footnotes":""},"categories":[6],"tags":[],"class_list":["post-101081","post","type-post","status-publish","format-standard","hentry","category-breaking-news"],"_links":{"self":[{"href":"https:\/\/www.giurgiuveanul.ro\/stiri\/wp-json\/wp\/v2\/posts\/101081","targetHints":{"allow":["GET"]}}],"collection":[{"href":"https:\/\/www.giurgiuveanul.ro\/stiri\/wp-json\/wp\/v2\/posts"}],"about":[{"href":"https:\/\/www.giurgiuveanul.ro\/stiri\/wp-json\/wp\/v2\/types\/post"}],"author":[{"embeddable":true,"href":"https:\/\/www.giurgiuveanul.ro\/stiri\/wp-json\/wp\/v2\/users\/1"}],"replies":[{"embeddable":true,"href":"https:\/\/www.giurgiuveanul.ro\/stiri\/wp-json\/wp\/v2\/comments?post=101081"}],"version-history":[{"count":0,"href":"https:\/\/www.giurgiuveanul.ro\/stiri\/wp-json\/wp\/v2\/posts\/101081\/revisions"}],"wp:attachment":[{"href":"https:\/\/www.giurgiuveanul.ro\/stiri\/wp-json\/wp\/v2\/media?parent=101081"}],"wp:term":[{"taxonomy":"category","embeddable":true,"href":"https:\/\/www.giurgiuveanul.ro\/stiri\/wp-json\/wp\/v2\/categories?post=101081"},{"taxonomy":"post_tag","embeddable":true,"href":"https:\/\/www.giurgiuveanul.ro\/stiri\/wp-json\/wp\/v2\/tags?post=101081"}],"curies":[{"name":"wp","href":"https:\/\/api.w.org\/{rel}","templated":true}]}}