{"id":101117,"date":"2023-11-03T09:13:09","date_gmt":"2023-11-03T07:13:09","guid":{"rendered":"https:\/\/www.giurgiuveanul.ro\/stiri\/?p=101117"},"modified":"2023-11-03T09:13:28","modified_gmt":"2023-11-03T07:13:28","slug":"isu-giurgiu-pericolul-scurtcircuitului-locuinta-distrusa-intr-un-incendiu","status":"publish","type":"post","link":"https:\/\/www.giurgiuveanul.ro\/stiri\/isu-giurgiu-pericolul-scurtcircuitului-locuinta-distrusa-intr-un-incendiu\/","title":{"rendered":"ISU Giurgiu. Pericolul scurtcircuitului: locuin\u021b\u0103 distrus\u0103 \u00eentr-un incendiu"},"content":{"rendered":"<p style=\"text-align: justify;\"><strong><a href=\"https:\/\/www.giurgiuveanul.ro\/stiri\/wp-content\/uploads\/2023\/11\/00-letca-noua.jpeg\"><img loading=\"lazy\" decoding=\"async\" class=\"aligncenter wp-image-101118\" src=\"https:\/\/www.giurgiuveanul.ro\/stiri\/wp-content\/uploads\/2023\/11\/00-letca-noua-560x403.jpeg\" alt=\"\" width=\"571\" height=\"411\" srcset=\"https:\/\/www.giurgiuveanul.ro\/stiri\/wp-content\/uploads\/2023\/11\/00-letca-noua-560x403.jpeg 560w, https:\/\/www.giurgiuveanul.ro\/stiri\/wp-content\/uploads\/2023\/11\/00-letca-noua-250x180.jpeg 250w, https:\/\/www.giurgiuveanul.ro\/stiri\/wp-content\/uploads\/2023\/11\/00-letca-noua-768x553.jpeg 768w, https:\/\/www.giurgiuveanul.ro\/stiri\/wp-content\/uploads\/2023\/11\/00-letca-noua-400x288.jpeg 400w, https:\/\/www.giurgiuveanul.ro\/stiri\/wp-content\/uploads\/2023\/11\/00-letca-noua.jpeg 1019w\" sizes=\"auto, (max-width: 571px) 100vw, 571px\" \/><\/a>O familie<!--more--> din localitatea Letca Nou\u0103 a r\u0103mas f\u0103r\u0103 acoperi\u0219 deasupra capului, \u00een urma unui incendiu violent, ce s-a produs ieri. Fl\u0103c\u0103rile au izbucnit \u00een dormitor, cel mai probabil din cauza unui scurtcircuit.<\/strong><\/p>\n<p style=\"text-align: justify;\">La fa\u021ba locului s-au deplasat pompierii din cadrul Sta\u021biei Mih\u0103ile\u0219ti, cu dou\u0103 autospeciale de stingere. C\u00e2nd au ajuns echipajele locuin\u021ba ardea generalizat, suprafa\u021ba fiind de aproximativ 50 mp.<\/p>\n<p style=\"text-align: justify;\">Proprietarii au ie\u0219it la timp din cas\u0103 \u0219i nu au fost r\u0103ni\u021bi, dar pagubele au fost \u00eensemnate.<\/p>\n<p style=\"text-align: justify;\">Pentru \u00eenl\u0103turarea pericolului de incendiu ce poate ap\u0103rea pe timpul exploat\u0103rii instala\u021biei electrice, trebuie adoptate urm\u0103toarele m\u0103suri:<\/p>\n<ul>\n<li style=\"text-align: justify;\">verifica\u021bi periodic instala\u0163ia electric\u0103, cu ajutorul personalului autorizat;<\/li>\n<li style=\"text-align: justify;\">nu folosi\u0163i instala\u0163ii electrice improvizate. Fie c\u0103 este vorba de repara\u0163ia unui aparat electrocasnic, de prelungirea traseului unui cablu sau de repararea unei siguran\u0163e, improviza\u0163iile reprezint\u0103 pot conduce la un incendiu. Orice eroare de prindere sau de izola\u0163ie poate crea un scurtcircuit sau o desc\u0103rcare de curent;<\/li>\n<li style=\"text-align: justify;\">nu folosi\u0163i prize sau \u00eentrerup\u0103toare sl\u0103bite. \u00cen cazul \u00een care observa\u0163i c\u0103 priza se mi\u015fc\u0103 sau c\u0103 \u00een jurul \u00eentrerup\u0103torului exist\u0103 orificii libere, cere\u0163i ajutorul unui specialist pentru schimbarea prizei\/\u00eentrerup\u0103torului \u015fi pentru izolarea zonei respective;<\/li>\n<li style=\"text-align: justify;\">nu utiliza\u0163i aparate electrice care au conductorii de alimentare uza\u0163i, deteriora\u0163i sau care nu mai au \u015ftecher;<\/li>\n<li style=\"text-align: justify;\">nu alimenta\u0163i mai mul\u0163i consumatori electrici din acela\u015fi prelungitor, concomitent;<\/li>\n<li style=\"text-align: justify;\">nu l\u0103sa\u0163i aparatele electrice sub tensiune c\u00e2nd nu le folosi\u0163i deoarece acestea pot fi oric\u00e2nd surse generatoare de incendiu.<\/li>\n<\/ul>\n<p>&nbsp;<\/p>\n<p>Compartimentul Informare \u0219i Rela\u021bii Publice<\/p>\n","protected":false},"excerpt":{"rendered":"<p>O familie<\/p>\n","protected":false},"author":1,"featured_media":0,"comment_status":"open","ping_status":"open","sticky":false,"template":"","format":"standard","meta":{"footnotes":""},"categories":[6],"tags":[],"class_list":["post-101117","post","type-post","status-publish","format-standard","hentry","category-breaking-news"],"_links":{"self":[{"href":"https:\/\/www.giurgiuveanul.ro\/stiri\/wp-json\/wp\/v2\/posts\/101117","targetHints":{"allow":["GET"]}}],"collection":[{"href":"https:\/\/www.giurgiuveanul.ro\/stiri\/wp-json\/wp\/v2\/posts"}],"about":[{"href":"https:\/\/www.giurgiuveanul.ro\/stiri\/wp-json\/wp\/v2\/types\/post"}],"author":[{"embeddable":true,"href":"https:\/\/www.giurgiuveanul.ro\/stiri\/wp-json\/wp\/v2\/users\/1"}],"replies":[{"embeddable":true,"href":"https:\/\/www.giurgiuveanul.ro\/stiri\/wp-json\/wp\/v2\/comments?post=101117"}],"version-history":[{"count":0,"href":"https:\/\/www.giurgiuveanul.ro\/stiri\/wp-json\/wp\/v2\/posts\/101117\/revisions"}],"wp:attachment":[{"href":"https:\/\/www.giurgiuveanul.ro\/stiri\/wp-json\/wp\/v2\/media?parent=101117"}],"wp:term":[{"taxonomy":"category","embeddable":true,"href":"https:\/\/www.giurgiuveanul.ro\/stiri\/wp-json\/wp\/v2\/categories?post=101117"},{"taxonomy":"post_tag","embeddable":true,"href":"https:\/\/www.giurgiuveanul.ro\/stiri\/wp-json\/wp\/v2\/tags?post=101117"}],"curies":[{"name":"wp","href":"https:\/\/api.w.org\/{rel}","templated":true}]}}