{"id":101121,"date":"2023-11-03T09:38:36","date_gmt":"2023-11-03T07:38:36","guid":{"rendered":"https:\/\/www.giurgiuveanul.ro\/stiri\/?p=101121"},"modified":"2023-11-03T09:45:25","modified_gmt":"2023-11-03T07:45:25","slug":"administratia-judeteana-a-finantelor-publice-giurgiu-calendarul-seminariilor-web-a-fost-publicat-pe-site-ul-anaf","status":"publish","type":"post","link":"https:\/\/www.giurgiuveanul.ro\/stiri\/administratia-judeteana-a-finantelor-publice-giurgiu-calendarul-seminariilor-web-a-fost-publicat-pe-site-ul-anaf\/","title":{"rendered":"Administra\u021bia Jude\u021bean\u0103 a Finan\u021belor Publice Giurgiu. Calendarul seminariilor web a fost publicat pe site-ul ANAF"},"content":{"rendered":"<p style=\"text-align: justify;\"><strong><a href=\"https:\/\/www.giurgiuveanul.ro\/stiri\/wp-content\/uploads\/2023\/11\/anaf-giurgiu.jpg\"><img loading=\"lazy\" decoding=\"async\" class=\"aligncenter wp-image-101122\" src=\"https:\/\/www.giurgiuveanul.ro\/stiri\/wp-content\/uploads\/2023\/11\/anaf-giurgiu-560x330.jpg\" alt=\"\" width=\"585\" height=\"345\" srcset=\"https:\/\/www.giurgiuveanul.ro\/stiri\/wp-content\/uploads\/2023\/11\/anaf-giurgiu-560x330.jpg 560w, https:\/\/www.giurgiuveanul.ro\/stiri\/wp-content\/uploads\/2023\/11\/anaf-giurgiu-250x148.jpg 250w, https:\/\/www.giurgiuveanul.ro\/stiri\/wp-content\/uploads\/2023\/11\/anaf-giurgiu-768x453.jpg 768w, https:\/\/www.giurgiuveanul.ro\/stiri\/wp-content\/uploads\/2023\/11\/anaf-giurgiu-400x236.jpg 400w, https:\/\/www.giurgiuveanul.ro\/stiri\/wp-content\/uploads\/2023\/11\/anaf-giurgiu.jpg 800w\" sizes=\"auto, (max-width: 585px) 100vw, 585px\" \/><\/a>Administra\u021bia Jude\u021bean\u0103 a Finan\u021belor Publice Giurgiu informeaz\u0103 contribuabilii<!--more--> interesa\u021bi c\u0103, pe portalul ANAF (www.anaf.ro) a fost publicat calendarul seminariilor web care vor fi sus\u021binute \u00een cursul lunii noiembrie 2023: <\/strong><\/p>\n<p style=\"text-align: justify;\">&#8211; 07.11.2023, ora 11.00, Reglement\u0103ri fiscale privind impozitarea dividendelor;<\/p>\n<p style=\"text-align: justify;\">&#8211; 13.11.2023, ora 10.00, Impozitarea veniturilor ob\u021binute din medita\u021bii acordate \u00een particular de persoanele fizice;<\/p>\n<p style=\"text-align: justify;\">-15.11.2023, ora 11.00, Tratamentul fiscal din punct de vedere al impozitului pe venit pentru veniturile ob\u021binute din transferul propriet\u0103\u021bilor imobiliare din patrimoniul personal;<\/p>\n<p style=\"text-align: justify;\">&#8211; 16.11.2023, ora 10.00, Recuperarea TVA achitat\u0103 \u00een alt stat membru al Uniunii Europene;<\/p>\n<p style=\"text-align: justify;\">&#8211; 17.11.2023, ora 09.30, Tratamentul fiscal al veniturilor ob\u021binute de persoanele fizice din post\u0103ri realizate pe diferite re\u021bele de socializare;<\/p>\n<p style=\"text-align: justify;\">&#8211; 22.11.2023, ora 13.00, \u00cenregistrarea contractelor de loca\u021biune \u0219i declararea venitului ob\u021binut din cedarea folosin\u021bei bunurilor;<\/p>\n<p style=\"text-align: justify;\">&#8211; 23.11.2023, ora 12.00, Reglement\u0103ri fiscale privind persoanele juridice f\u0103r\u0103 scop patrimonial constituite \u00een baza Ordonan\u021bei Guvernului nr. 26\/2000 cu privire la asocia\u021bii \u0219i funda\u021bii;<\/p>\n<p style=\"text-align: justify;\">&#8211; 27.11.2023, ora 11:00, Impozitarea \u0219i declararea veniturilor ob\u021binute de persoane fizice din activit\u0103\u021bi agricole, silvicultur\u0103 \u0219i piscicultur\u0103. Depunerea Declara\u021biei unice privind impozitul pe venit \u0219i contribu\u021biile sociale datorate de persoanele fizice;<\/p>\n<p style=\"text-align: justify;\">&#8211; 28.11.2023, ora 11:00, Fi\u0219ierul Standard de Control Fiscal (SAF-T) &#8211; concept &#8211; partea 1;<\/p>\n<p style=\"text-align: justify;\">&#8211; 29.11.2023, ora 11:00, Fi\u0219ierul Standard de Control Fiscal (SAF-T) &#8211; concept \u2013 partea 2.<\/p>\n<p><strong>\u00censcrierile se pot efectua p\u00e2n\u0103 la data \u0219i ora \u00eenceperii seminarelor, \u00een limita locurilor disponibile, acces\u00e2nd urm\u0103torul link: <a href=\"https:\/\/static.anaf.ro\/static\/10\/Anaf\/Informatii_R\/intalniri.htm\">https:\/\/static.anaf.ro\/static\/10\/Anaf\/Informatii_R\/intalniri.htm<\/a> . <\/strong><\/p>\n<p style=\"text-align: justify;\"><em>\u00a0<\/em><\/p>\n<p style=\"text-align: center;\"><strong>Administra\u0163ia Jude\u0163ean\u0103 a Finan\u0163elor Publice Giurgiu<\/strong><\/p>\n","protected":false},"excerpt":{"rendered":"<p>Administra\u021bia Jude\u021bean\u0103 a Finan\u021belor Publice Giurgiu informeaz\u0103 contribuabilii<\/p>\n","protected":false},"author":1,"featured_media":0,"comment_status":"open","ping_status":"open","sticky":false,"template":"","format":"standard","meta":{"footnotes":""},"categories":[73],"tags":[],"class_list":["post-101121","post","type-post","status-publish","format-standard","hentry","category-anunturi"],"_links":{"self":[{"href":"https:\/\/www.giurgiuveanul.ro\/stiri\/wp-json\/wp\/v2\/posts\/101121","targetHints":{"allow":["GET"]}}],"collection":[{"href":"https:\/\/www.giurgiuveanul.ro\/stiri\/wp-json\/wp\/v2\/posts"}],"about":[{"href":"https:\/\/www.giurgiuveanul.ro\/stiri\/wp-json\/wp\/v2\/types\/post"}],"author":[{"embeddable":true,"href":"https:\/\/www.giurgiuveanul.ro\/stiri\/wp-json\/wp\/v2\/users\/1"}],"replies":[{"embeddable":true,"href":"https:\/\/www.giurgiuveanul.ro\/stiri\/wp-json\/wp\/v2\/comments?post=101121"}],"version-history":[{"count":0,"href":"https:\/\/www.giurgiuveanul.ro\/stiri\/wp-json\/wp\/v2\/posts\/101121\/revisions"}],"wp:attachment":[{"href":"https:\/\/www.giurgiuveanul.ro\/stiri\/wp-json\/wp\/v2\/media?parent=101121"}],"wp:term":[{"taxonomy":"category","embeddable":true,"href":"https:\/\/www.giurgiuveanul.ro\/stiri\/wp-json\/wp\/v2\/categories?post=101121"},{"taxonomy":"post_tag","embeddable":true,"href":"https:\/\/www.giurgiuveanul.ro\/stiri\/wp-json\/wp\/v2\/tags?post=101121"}],"curies":[{"name":"wp","href":"https:\/\/api.w.org\/{rel}","templated":true}]}}