{"id":101129,"date":"2023-11-03T10:17:04","date_gmt":"2023-11-03T08:17:04","guid":{"rendered":"https:\/\/www.giurgiuveanul.ro\/stiri\/?p=101129"},"modified":"2023-11-03T10:19:54","modified_gmt":"2023-11-03T08:19:54","slug":"premiera-la-teatrul-tudor-vianu-amos-din-regal-inimii-un-spectacol-pentru-copii","status":"publish","type":"post","link":"https:\/\/www.giurgiuveanul.ro\/stiri\/premiera-la-teatrul-tudor-vianu-amos-din-regal-inimii-un-spectacol-pentru-copii\/","title":{"rendered":"PREMIER\u0102, la Teatrul \u201eTudor Vianu\u201d: \u201eAMOS DIN REGATUL INIMII\u201d &#8211; un spectacol pentru copii!"},"content":{"rendered":"<p><strong><a href=\"https:\/\/www.giurgiuveanul.ro\/stiri\/wp-content\/uploads\/2023\/11\/00-afis-teatru.jpg\"><img loading=\"lazy\" decoding=\"async\" class=\"aligncenter wp-image-101130\" src=\"https:\/\/www.giurgiuveanul.ro\/stiri\/wp-content\/uploads\/2023\/11\/00-afis-teatru-324x450.jpg\" alt=\"\" width=\"568\" height=\"788\" srcset=\"https:\/\/www.giurgiuveanul.ro\/stiri\/wp-content\/uploads\/2023\/11\/00-afis-teatru-324x450.jpg 324w, https:\/\/www.giurgiuveanul.ro\/stiri\/wp-content\/uploads\/2023\/11\/00-afis-teatru-216x300.jpg 216w, https:\/\/www.giurgiuveanul.ro\/stiri\/wp-content\/uploads\/2023\/11\/00-afis-teatru-768x1065.jpg 768w, https:\/\/www.giurgiuveanul.ro\/stiri\/wp-content\/uploads\/2023\/11\/00-afis-teatru-1107x1536.jpg 1107w, https:\/\/www.giurgiuveanul.ro\/stiri\/wp-content\/uploads\/2023\/11\/00-afis-teatru-400x555.jpg 400w, https:\/\/www.giurgiuveanul.ro\/stiri\/wp-content\/uploads\/2023\/11\/00-afis-teatru.jpg 1149w\" sizes=\"auto, (max-width: 568px) 100vw, 568px\" \/><\/a>Teatrul \u201eTudor Vianu\u201d v\u0103 invit\u0103<!--more--> vineri, 10 noiembrie 2023, \u00een Sala Mare, la ora 11.00, la o PREMIER\u0102: \u201eAMOS DIN REGATUL INIMII\u201d &#8211; un spectacol pentru copii.<\/strong><\/p>\n<p id=\"viewer-72lvf\" class=\"xVISr Y9Dpf bCMSCT OZy-3 _40ACk Ecq9kg bCMSCT public-DraftStyleDefault-block-depth0 fixed-tab-size public-DraftStyleDefault-text-ltr\" style=\"text-align: justify;\"><span class=\"B2EFF public-DraftStyleDefault-ltr\">Orice feti\u021b\u0103 \u00ee\u0219i dore\u0219te s\u0103 fie prin\u021bes\u0103 \u0219i orice b\u0103ie\u021bel \u00ee\u0219i dore\u0219te s\u0103 fie rege. Dar oare cum e s\u0103 fii cu adev\u0103rat?<\/span><\/p>\n<p id=\"viewer-6gcor\" class=\"xVISr Y9Dpf bCMSCT OZy-3 _40ACk Ecq9kg bCMSCT public-DraftStyleDefault-block-depth0 fixed-tab-size public-DraftStyleDefault-text-ltr\" style=\"text-align: justify;\"><span class=\"B2EFF public-DraftStyleDefault-ltr\">Amos este un b\u0103ie\u021bel special pe umerii c\u0103ruia at\u00e2rn\u0103 o mare responsabilitate: ca \u00eentr-o bun\u0103 zi s\u0103 devin\u0103 rege. \u00cens\u0103, \u00een fa\u021ba destinului implacabil, av\u00e2nd de partea lui toate avantajele unei lumi de basm, tot ce \u00ee\u0219i dore\u0219te el este s\u0103 fie un copil liber, care s\u0103 aib\u0103 prieteni cu care s\u0103 se joace \u0219i s\u0103 vad\u0103 ce se afl\u0103 dincolo de castel.<\/span><\/p>\n<p id=\"viewer-cjs23\" class=\"xVISr Y9Dpf bCMSCT OZy-3 _40ACk Ecq9kg bCMSCT public-DraftStyleDefault-block-depth0 fixed-tab-size public-DraftStyleDefault-text-ltr\" style=\"text-align: justify;\"><span class=\"B2EFF public-DraftStyleDefault-ltr\">&#8222;Amos din Regatul Inimii\u201d este o poveste terapeutic\u0103, pentru p\u0103rin\u021bi \u0219i copii, scris\u0103 de psiho-terapeutul Andreea Busuioc, o poveste care pune fa\u021b\u0103 \u00een fa\u021b\u0103 frica \u0219i iubirea, cele dou\u0103 emo\u021bii primordiale care stau la baza tuturor emo\u021biilor \u0219i sentimentelor.<\/span><\/p>\n<p id=\"viewer-64mg5\" class=\"xVISr Y9Dpf bCMSCT OZy-3 _40ACk Ecq9kg bCMSCT public-DraftStyleDefault-block-depth0 fixed-tab-size public-DraftStyleDefault-text-ltr\" style=\"text-align: justify;\"><span class=\"B2EFF public-DraftStyleDefault-ltr\"><em>\u201cPovestea vorbe\u0219te despre fragilitatea sufletului, a p\u0103r\u021bii emo\u021bionale, surprins\u0103 \u00een metafora castelului, care se destram\u0103 u\u0219or-u\u0219or atunci c\u00e2nd regelui Amos, un b\u0103iat de c\u00e2\u021biva ani\u0219ori, nu \u00eei sunt validate emo\u021biile, iar g\u00e2ndurile, ideile \u00eei sunt acoperite de vocea \u0219i fricile mamei. Este o poveste scris\u0103 cu g\u00e2ndul la copiii \u0219i adolescen\u021bii interna\u021bi pe sec\u021biile de cardiologie, unde am observat cum anxietatea p\u0103rin\u021bilor este umbrit\u0103 de un volum mare de cuvinte care \u00eel blocheaz\u0103 pe copil, nel\u0103s\u00e2ndu-l s\u0103 se exprime, iar inima, sediul afectivit\u0103\u021bii, este din ce \u00een ce mai fragil\u0103. Astfel, povestea lui Amos \u00eei poate ajuta pe \u201ecei mai mari\u201d s\u0103 \u00een\u021beleag\u0103 propriile nevoi, dar \u00een special pe cele ale copiilor, pentru a le oferi condi\u021biile unei cre\u0219teri \u00eentr-un mod armonios, fiind nevoie de rela\u021bionare, explorare- a mediului \u0219i a emo\u021biilor, dar \u0219i deschiderea por\u021bilor castelului familial pentru a cunoa\u0219te frumuse\u021bile regatului vie\u021bii.\u201d<\/em> &#8211; <strong>Andreea Busuioc,<\/strong> psiholog \u00een cadrul programului \u201cVia\u021ba Copilului\u201d Inocen\u021bi de la Spitalul Clinic de Copii Bucure\u0219ti.<\/span><\/p>\n<p id=\"viewer-77md8\" class=\"xVISr Y9Dpf bCMSCT OZy-3 lnyWN yMZv8w bCMSCT public-DraftStyleDefault-block-depth0 fixed-tab-size public-DraftStyleDefault-text-ltr\" style=\"text-align: justify;\"><span class=\"B2EFF public-DraftStyleDefault-ltr\"><em>&#8222;Amos din Regatul Inimii&#8221; este mai mult dec\u00e2t un spectacol pentru copii, este \u0219i o lec\u021bie pentru p\u0103rin\u021bi. Un spectacol sensibil, profund, pres\u0103rat cu energie, bucurie \u0219i surprize, care ne va ar\u0103ta c\u0103 iubirea are mai multe fe\u021be, iar frica este cel mai periculos \u0219i d\u0103un\u0103tor sentiment.&#8221;<\/em> &#8211; <strong>Evelyn Marcu.<\/strong><\/span><\/p>\n<p id=\"viewer-8skgh\" class=\"xVISr Y9Dpf bCMSCT OZy-3 lnyWN yMZv8w bCMSCT public-DraftStyleDefault-block-depth0 fixed-tab-size public-DraftStyleDefault-text-ltr\"><span class=\"B2EFF public-DraftStyleDefault-ltr\">O pies\u0103 de de Andreea Busuioc<\/span><\/p>\n<p id=\"viewer-cnv96\" class=\"xVISr Y9Dpf bCMSCT OZy-3 lnyWN yMZv8w bCMSCT public-DraftStyleDefault-block-depth0 fixed-tab-size public-DraftStyleDefault-text-ltr\"><span class=\"B2EFF public-DraftStyleDefault-ltr\">Regia: Evelyn Marcu<\/span><\/p>\n<p id=\"viewer-e2q27\" class=\"xVISr Y9Dpf bCMSCT OZy-3 lnyWN yMZv8w bCMSCT public-DraftStyleDefault-block-depth0 fixed-tab-size public-DraftStyleDefault-text-ltr\"><span class=\"B2EFF public-DraftStyleDefault-ltr\">Scenografia: Facultatea UNARTE Bucure\u0219ti, studente Andreea Burada \u0219i Ruxandra Laza<\/span><\/p>\n<p id=\"viewer-2jrid\" class=\"xVISr Y9Dpf bCMSCT OZy-3 lnyWN yMZv8w bCMSCT public-DraftStyleDefault-block-depth0 fixed-tab-size public-DraftStyleDefault-text-ltr\"><span class=\"B2EFF public-DraftStyleDefault-ltr\">Ilustra\u021bie \/ compozi\u021bie muzical\u0103: \u0218erban Chi\u021bu<\/span><\/p>\n<p id=\"viewer-ce6nn\" class=\"xVISr Y9Dpf bCMSCT OZy-3 lnyWN yMZv8w bCMSCT public-DraftStyleDefault-block-depth0 fixed-tab-size public-DraftStyleDefault-text-ltr\"><span class=\"B2EFF public-DraftStyleDefault-ltr\">Coregrafie: Anca Pascu<\/span><\/p>\n<p id=\"viewer-10b6e\" class=\"xVISr Y9Dpf bCMSCT OZy-3 lnyWN yMZv8w bCMSCT public-DraftStyleDefault-block-depth0 fixed-tab-size public-DraftStyleDefault-text-ltr\"><span class=\"B2EFF public-DraftStyleDefault-ltr\">Distribu\u021bia:\u00a0 <\/span><span class=\"B2EFF public-DraftStyleDefault-ltr\">\u0218tefan Bogdan Li\u021b\u0103, <\/span><span class=\"B2EFF public-DraftStyleDefault-ltr\">Georgiana Vra\u021biu, <\/span><span class=\"B2EFF public-DraftStyleDefault-ltr\">Laura Voicu, <\/span><span class=\"B2EFF public-DraftStyleDefault-ltr\">Vlad B\u00eenzoiu,\u00a0<\/span><span class=\"B2EFF public-DraftStyleDefault-ltr\">Vlad Ciubotaru, <\/span><span class=\"B2EFF public-DraftStyleDefault-ltr\">Anca Pascu,\u00a0<\/span><span class=\"B2EFF public-DraftStyleDefault-ltr\">Evelyn Marcu<\/span><\/p>\n","protected":false},"excerpt":{"rendered":"<p>Teatrul \u201eTudor Vianu\u201d v\u0103 invit\u0103<\/p>\n","protected":false},"author":1,"featured_media":0,"comment_status":"open","ping_status":"open","sticky":false,"template":"","format":"standard","meta":{"footnotes":""},"categories":[6],"tags":[],"class_list":["post-101129","post","type-post","status-publish","format-standard","hentry","category-breaking-news"],"_links":{"self":[{"href":"https:\/\/www.giurgiuveanul.ro\/stiri\/wp-json\/wp\/v2\/posts\/101129","targetHints":{"allow":["GET"]}}],"collection":[{"href":"https:\/\/www.giurgiuveanul.ro\/stiri\/wp-json\/wp\/v2\/posts"}],"about":[{"href":"https:\/\/www.giurgiuveanul.ro\/stiri\/wp-json\/wp\/v2\/types\/post"}],"author":[{"embeddable":true,"href":"https:\/\/www.giurgiuveanul.ro\/stiri\/wp-json\/wp\/v2\/users\/1"}],"replies":[{"embeddable":true,"href":"https:\/\/www.giurgiuveanul.ro\/stiri\/wp-json\/wp\/v2\/comments?post=101129"}],"version-history":[{"count":0,"href":"https:\/\/www.giurgiuveanul.ro\/stiri\/wp-json\/wp\/v2\/posts\/101129\/revisions"}],"wp:attachment":[{"href":"https:\/\/www.giurgiuveanul.ro\/stiri\/wp-json\/wp\/v2\/media?parent=101129"}],"wp:term":[{"taxonomy":"category","embeddable":true,"href":"https:\/\/www.giurgiuveanul.ro\/stiri\/wp-json\/wp\/v2\/categories?post=101129"},{"taxonomy":"post_tag","embeddable":true,"href":"https:\/\/www.giurgiuveanul.ro\/stiri\/wp-json\/wp\/v2\/tags?post=101129"}],"curies":[{"name":"wp","href":"https:\/\/api.w.org\/{rel}","templated":true}]}}