{"id":101155,"date":"2023-11-05T12:44:14","date_gmt":"2023-11-05T10:44:14","guid":{"rendered":"https:\/\/www.giurgiuveanul.ro\/stiri\/?p=101155"},"modified":"2023-11-05T12:44:32","modified_gmt":"2023-11-05T10:44:32","slug":"azi-noapte-incendiu-violent-intr-o-locuinta-din-remus","status":"publish","type":"post","link":"https:\/\/www.giurgiuveanul.ro\/stiri\/azi-noapte-incendiu-violent-intr-o-locuinta-din-remus\/","title":{"rendered":"Azi-noapte, incendiu violent \u00eentr-o locuin\u021b\u0103 din Remu\u0219"},"content":{"rendered":"<p style=\"text-align: justify;\"><strong><a href=\"https:\/\/www.giurgiuveanul.ro\/stiri\/wp-content\/uploads\/2023\/11\/00-inc.jpeg\"><img loading=\"lazy\" decoding=\"async\" class=\"aligncenter wp-image-101156\" src=\"https:\/\/www.giurgiuveanul.ro\/stiri\/wp-content\/uploads\/2023\/11\/00-inc-505x450.jpeg\" alt=\"\" width=\"575\" height=\"512\" srcset=\"https:\/\/www.giurgiuveanul.ro\/stiri\/wp-content\/uploads\/2023\/11\/00-inc-505x450.jpeg 505w, https:\/\/www.giurgiuveanul.ro\/stiri\/wp-content\/uploads\/2023\/11\/00-inc-250x223.jpeg 250w, https:\/\/www.giurgiuveanul.ro\/stiri\/wp-content\/uploads\/2023\/11\/00-inc-768x684.jpeg 768w, https:\/\/www.giurgiuveanul.ro\/stiri\/wp-content\/uploads\/2023\/11\/00-inc-400x356.jpeg 400w, https:\/\/www.giurgiuveanul.ro\/stiri\/wp-content\/uploads\/2023\/11\/00-inc.jpeg 900w\" sizes=\"auto, (max-width: 575px) 100vw, 575px\" \/><\/a>Un incendiu violent a izbucnit,<!--more--> dup\u0103 miezul nop\u021bii, \u00eentr-o locuin\u021b\u0103 din Remu\u0219. Proprietarul nu era acas\u0103 \u00een momentul producerii evenimentului, iar fl\u0103c\u0103rile au fost observate de vecinii care au sunat la 112, potrivit ISU Giurgiu.<\/strong><\/p>\n<p style=\"text-align: justify;\">La fa\u021ba locului s-au deplasat pompierii din cadrul Deta\u0219amentului Giurgiu, cu dou\u0103 autospeciale de stingere, o cistern\u0103 \u0219i o ambulant\u0103 SMURD. C\u00e2nd au ajuns echipajele, locuin\u021ba ardea violent, at\u00e2t \u00een interior, c\u00e2t \u0219i la nivelul acoperi\u0219ului, suprafa\u021ba fiind de aproximativ 150 mp. Au ars dou\u0103 camere \u0219i un hol, \u00een propro\u021bie de 80% \u0219i bunurile din interior. La celelalte \u00eenc\u0103peri au fost distruse tavanele, iar pere\u021bii au fost afecta\u021bi de fum.<\/p>\n<p style=\"text-align: justify;\">Fiind observat t\u00e2rziu, incendiul s-a extins \u0219i la o autoutilitar\u0103 parcat\u0103 \u00een curte, c\u0103reia i-au ars prelata \u0219i o roat\u0103.<\/p>\n<p style=\"text-align: justify;\">Cauza probabil\u0103 de producere a incendiului a fost scurtcircuitul.<\/p>\n<p style=\"text-align: justify;\">Pentru \u00eenl\u0103turarea pericolului de incendiu ce poate ap\u0103rea pe timpul exploat\u0103rii instala\u021biei electrice, trebuie adoptate urm\u0103toarele m\u0103suri:<br \/>\n\uf0a7 nu utiliza\u0163i aparate electrice care au conductorii de alimentare uza\u0163i, deteriora\u0163i sau care nu mai au \u015ftecher;<br \/>\n\uf0a7 nu folosi\u0163i prize sau \u00eentrerup\u0103toare sl\u0103bite. \u00cen cazul \u00een care observa\u0163i c\u0103 priza se mi\u015fc\u0103 sau c\u0103 \u00een jurul \u00eentrerup\u0103torului exist\u0103 orificii libere, cere\u0163i ajutorul unui specialist pentru schimbarea prizei\/\u00eentrerup\u0103torului \u015fi pentru izolarea zonei respective;<br \/>\n\uf0a7 nu alimenta\u0163i mai mul\u0163i consumatori electrici din acela\u015fi prelungitor, concomitent;<br \/>\n\uf0a7 nu l\u0103sa\u0163i aparatele electrice sub tensiune c\u00e2nd nu le folosi\u0163i deoarece acestea pot fi oric\u00e2nd surse generatoare de incendiu;<br \/>\n\uf0a7 verifica\u021bi periodic instala\u0163ia electric\u0103, cu ajutorul personalului autorizat;<br \/>\n\uf0a7 nu folosi\u0163i instala\u0163ii electrice improvizate. Fie c\u0103 este vorba de repara\u0163ia unui aparat electrocasnic, de prelungirea traseului unui cablu sau de repararea unei siguran\u0163e, improviza\u0163iile reprezint\u0103 pot conduce la un incendiu. Orice eroare de prindere sau de izola\u0163ie poate crea un scurtcircuit sau o desc\u0103rcare de curent.<\/p>\n","protected":false},"excerpt":{"rendered":"<p>Un incendiu violent a izbucnit,<\/p>\n","protected":false},"author":1,"featured_media":0,"comment_status":"open","ping_status":"open","sticky":false,"template":"","format":"standard","meta":{"footnotes":""},"categories":[6],"tags":[],"class_list":["post-101155","post","type-post","status-publish","format-standard","hentry","category-breaking-news"],"_links":{"self":[{"href":"https:\/\/www.giurgiuveanul.ro\/stiri\/wp-json\/wp\/v2\/posts\/101155","targetHints":{"allow":["GET"]}}],"collection":[{"href":"https:\/\/www.giurgiuveanul.ro\/stiri\/wp-json\/wp\/v2\/posts"}],"about":[{"href":"https:\/\/www.giurgiuveanul.ro\/stiri\/wp-json\/wp\/v2\/types\/post"}],"author":[{"embeddable":true,"href":"https:\/\/www.giurgiuveanul.ro\/stiri\/wp-json\/wp\/v2\/users\/1"}],"replies":[{"embeddable":true,"href":"https:\/\/www.giurgiuveanul.ro\/stiri\/wp-json\/wp\/v2\/comments?post=101155"}],"version-history":[{"count":0,"href":"https:\/\/www.giurgiuveanul.ro\/stiri\/wp-json\/wp\/v2\/posts\/101155\/revisions"}],"wp:attachment":[{"href":"https:\/\/www.giurgiuveanul.ro\/stiri\/wp-json\/wp\/v2\/media?parent=101155"}],"wp:term":[{"taxonomy":"category","embeddable":true,"href":"https:\/\/www.giurgiuveanul.ro\/stiri\/wp-json\/wp\/v2\/categories?post=101155"},{"taxonomy":"post_tag","embeddable":true,"href":"https:\/\/www.giurgiuveanul.ro\/stiri\/wp-json\/wp\/v2\/tags?post=101155"}],"curies":[{"name":"wp","href":"https:\/\/api.w.org\/{rel}","templated":true}]}}