{"id":101162,"date":"2023-11-06T11:22:38","date_gmt":"2023-11-06T09:22:38","guid":{"rendered":"https:\/\/www.giurgiuveanul.ro\/stiri\/?p=101162"},"modified":"2023-11-06T11:22:38","modified_gmt":"2023-11-06T09:22:38","slug":"un-tanar-in-varsta-de-20-de-ani-si-a-pierdut-viata-in-urma-unui-grav-accident-rutier-in-aceasta-dimineata","status":"publish","type":"post","link":"https:\/\/www.giurgiuveanul.ro\/stiri\/un-tanar-in-varsta-de-20-de-ani-si-a-pierdut-viata-in-urma-unui-grav-accident-rutier-in-aceasta-dimineata\/","title":{"rendered":"Un t\u00e2n\u0103r, \u00een v\u00e2rst\u0103 de 20 de ani, \u0219i-a pierdut via\u021ba \u00een urma unui grav accident rutier, \u00een aceast\u0103 diminea\u0163\u0103"},"content":{"rendered":"<p style=\"text-align: justify;\"><a href=\"https:\/\/www.giurgiuveanul.ro\/stiri\/wp-content\/uploads\/2023\/11\/000-accident-rutier.jpeg\"><img loading=\"lazy\" decoding=\"async\" class=\"aligncenter  wp-image-101163\" src=\"https:\/\/www.giurgiuveanul.ro\/stiri\/wp-content\/uploads\/2023\/11\/000-accident-rutier-338x450.jpeg\" alt=\"\" width=\"571\" height=\"761\" srcset=\"https:\/\/www.giurgiuveanul.ro\/stiri\/wp-content\/uploads\/2023\/11\/000-accident-rutier-338x450.jpeg 338w, https:\/\/www.giurgiuveanul.ro\/stiri\/wp-content\/uploads\/2023\/11\/000-accident-rutier-225x300.jpeg 225w, https:\/\/www.giurgiuveanul.ro\/stiri\/wp-content\/uploads\/2023\/11\/000-accident-rutier-768x1024.jpeg 768w, https:\/\/www.giurgiuveanul.ro\/stiri\/wp-content\/uploads\/2023\/11\/000-accident-rutier-1152x1536.jpeg 1152w, https:\/\/www.giurgiuveanul.ro\/stiri\/wp-content\/uploads\/2023\/11\/000-accident-rutier-400x533.jpeg 400w, https:\/\/www.giurgiuveanul.ro\/stiri\/wp-content\/uploads\/2023\/11\/000-accident-rutier.jpeg 1536w\" sizes=\"auto, (max-width: 571px) 100vw, 571px\" \/><\/a>Un t\u00e2n\u0103r, \u00een v\u00e2rst\u0103 de 20 de ani,<!--more--> \u0219i-a pierdut via\u021ba \u00een urma unui grav accident rutier. Evenimentul s-a produs, \u00een aceast\u0103 diminea\u021b\u0103, \u00eentre localita\u021bile Hulube\u0219ti \u0219i C\u0103lug\u0103reni, potrivit ISU Giurgiu.<\/p>\n<p style=\"text-align: justify;\">\u00cen eveniment a fost implicat un singur autoturism, g\u0103sit \u00een afara p\u0103r\u021bii carosabile, \u00een p\u0103durea de pe marginea drumului.<\/p>\n<p style=\"text-align: justify;\">La fa\u021ba locului s-au deplasat pompierii din cadrul Punctului de Lucru C\u0103lug\u0103reni, cu o autospecial\u0103 dotat\u0103 cu modul de descarcerare \u0219i dou\u0103 ambulan\u021be SAJ. \u00cen sprijin a fost solicitat \u0219i elicopterul SMURD.<\/p>\n<p style=\"text-align: justify;\">T\u00e2n\u0103rul a fost gasit \u00een stop cardio-respirator. Imediat, pompierii au \u00eenceput manevrele de resuscitare, acestea fiind continuate de personalul medical al SAJ \u0219i SMURD.<\/p>\n<p style=\"text-align: justify;\">\u00cen ciuda eforturilor depuse, acesta nu a r\u0103spuns manevrelor de resuscitare, fiind declarat decesul.<\/p>\n<p style=\"text-align: justify;\">Cazul a r\u0103mas \u00een aten\u021bia Poli\u021biei pentru cercet\u0103ri.<\/p>\n","protected":false},"excerpt":{"rendered":"<p>Un t\u00e2n\u0103r, \u00een v\u00e2rst\u0103 de 20 de ani,<\/p>\n","protected":false},"author":1,"featured_media":0,"comment_status":"open","ping_status":"open","sticky":false,"template":"","format":"standard","meta":{"footnotes":""},"categories":[6],"tags":[],"class_list":["post-101162","post","type-post","status-publish","format-standard","hentry","category-breaking-news"],"_links":{"self":[{"href":"https:\/\/www.giurgiuveanul.ro\/stiri\/wp-json\/wp\/v2\/posts\/101162","targetHints":{"allow":["GET"]}}],"collection":[{"href":"https:\/\/www.giurgiuveanul.ro\/stiri\/wp-json\/wp\/v2\/posts"}],"about":[{"href":"https:\/\/www.giurgiuveanul.ro\/stiri\/wp-json\/wp\/v2\/types\/post"}],"author":[{"embeddable":true,"href":"https:\/\/www.giurgiuveanul.ro\/stiri\/wp-json\/wp\/v2\/users\/1"}],"replies":[{"embeddable":true,"href":"https:\/\/www.giurgiuveanul.ro\/stiri\/wp-json\/wp\/v2\/comments?post=101162"}],"version-history":[{"count":0,"href":"https:\/\/www.giurgiuveanul.ro\/stiri\/wp-json\/wp\/v2\/posts\/101162\/revisions"}],"wp:attachment":[{"href":"https:\/\/www.giurgiuveanul.ro\/stiri\/wp-json\/wp\/v2\/media?parent=101162"}],"wp:term":[{"taxonomy":"category","embeddable":true,"href":"https:\/\/www.giurgiuveanul.ro\/stiri\/wp-json\/wp\/v2\/categories?post=101162"},{"taxonomy":"post_tag","embeddable":true,"href":"https:\/\/www.giurgiuveanul.ro\/stiri\/wp-json\/wp\/v2\/tags?post=101162"}],"curies":[{"name":"wp","href":"https:\/\/api.w.org\/{rel}","templated":true}]}}