{"id":101170,"date":"2023-11-06T13:07:24","date_gmt":"2023-11-06T11:07:24","guid":{"rendered":"https:\/\/www.giurgiuveanul.ro\/stiri\/?p=101170"},"modified":"2023-11-06T13:07:24","modified_gmt":"2023-11-06T11:07:24","slug":"ipj-giurgiu-persoana-disparuta-l-ati-vazut","status":"publish","type":"post","link":"https:\/\/www.giurgiuveanul.ro\/stiri\/ipj-giurgiu-persoana-disparuta-l-ati-vazut\/","title":{"rendered":"IPJ Giurgiu. Persoan\u0103 disp\u0103rut\u0103: L-a\u021bi v\u0103zut?"},"content":{"rendered":"<p style=\"text-align: justify;\"><a href=\"https:\/\/www.giurgiuveanul.ro\/stiri\/wp-content\/uploads\/2023\/11\/0-persoana-disparuta.jpeg\"><img loading=\"lazy\" decoding=\"async\" class=\"aligncenter  wp-image-101171\" src=\"https:\/\/www.giurgiuveanul.ro\/stiri\/wp-content\/uploads\/2023\/11\/0-persoana-disparuta-374x450.jpeg\" alt=\"\" width=\"559\" height=\"672\" srcset=\"https:\/\/www.giurgiuveanul.ro\/stiri\/wp-content\/uploads\/2023\/11\/0-persoana-disparuta-374x450.jpeg 374w, https:\/\/www.giurgiuveanul.ro\/stiri\/wp-content\/uploads\/2023\/11\/0-persoana-disparuta-250x300.jpeg 250w, https:\/\/www.giurgiuveanul.ro\/stiri\/wp-content\/uploads\/2023\/11\/0-persoana-disparuta-400x481.jpeg 400w, https:\/\/www.giurgiuveanul.ro\/stiri\/wp-content\/uploads\/2023\/11\/0-persoana-disparuta.jpeg 615w\" sizes=\"auto, (max-width: 559px) 100vw, 559px\" \/><\/a>Poli\u021bi\u0219tii din cadrul I.P.J. Giurgiu<!--more--> efectueaz\u0103 verific\u0103ri \u00een vederea depist\u0103rii unui b\u0103rbat, de 67 de ani, disp\u0103rut din localitatea Mihai Bravu, jude\u021bul Giurgiu.<\/p>\n<p style=\"text-align: justify;\">\n<p style=\"text-align: justify;\">La data de 2 noiembrie a.c., ora 19.26, poli\u021bi\u0219tii din cadrul I.P.J. Giurgiu au fost sesiza\u021bi, prin apel 112, de c\u0103tre o femeie, cu privire la faptul c\u0103,\u00a0tat\u0103l s\u0103u,\u00a0<strong>TI\u021a\u0102 CONSTANTIN<\/strong>, \u00a0de 67 de ani, ar fi plecat de la domiciliu, din localitatea Mihai Bravu, jude\u021bul Giurgiu, la data de 30 octombrie a.c., \u0219i nu a mai revenit.<\/p>\n<p style=\"text-align: justify;\">\n<p style=\"text-align: justify;\">Semnalmente: \u00een\u0103l\u021bime 1.60-1.65 metri, aproximativ 60 de kilograme, ochi c\u0103prui-verzi, p\u0103r alb tuns scurt, barb\u0103 grizonat\u0103, prezint\u0103 tatuaj pe antebra\u021bul st\u00e2ng.<\/p>\n<p style=\"text-align: justify;\">\n<p style=\"text-align: justify;\">\u00cembr\u0103c\u0103minte: geac\u0103, pantaloni lungi \u0219i fes de culoare negru \u0219i pantofi sport de culoare gri.<\/p>\n<p style=\"text-align: justify;\">\n<p style=\"text-align: justify;\">Oricine poate oferi detalii cu privire la persoana disp\u0103rut\u0103 este rugat s\u0103 apeleze Serviciul de Urgen\u021b\u0103 112 sau s\u0103 contacteze cea mai apropiat\u0103 unitate de poli\u021bie.<\/p>\n","protected":false},"excerpt":{"rendered":"<p>Poli\u021bi\u0219tii din cadrul I.P.J. Giurgiu<\/p>\n","protected":false},"author":1,"featured_media":0,"comment_status":"open","ping_status":"open","sticky":false,"template":"","format":"standard","meta":{"footnotes":""},"categories":[6],"tags":[],"class_list":["post-101170","post","type-post","status-publish","format-standard","hentry","category-breaking-news"],"_links":{"self":[{"href":"https:\/\/www.giurgiuveanul.ro\/stiri\/wp-json\/wp\/v2\/posts\/101170","targetHints":{"allow":["GET"]}}],"collection":[{"href":"https:\/\/www.giurgiuveanul.ro\/stiri\/wp-json\/wp\/v2\/posts"}],"about":[{"href":"https:\/\/www.giurgiuveanul.ro\/stiri\/wp-json\/wp\/v2\/types\/post"}],"author":[{"embeddable":true,"href":"https:\/\/www.giurgiuveanul.ro\/stiri\/wp-json\/wp\/v2\/users\/1"}],"replies":[{"embeddable":true,"href":"https:\/\/www.giurgiuveanul.ro\/stiri\/wp-json\/wp\/v2\/comments?post=101170"}],"version-history":[{"count":0,"href":"https:\/\/www.giurgiuveanul.ro\/stiri\/wp-json\/wp\/v2\/posts\/101170\/revisions"}],"wp:attachment":[{"href":"https:\/\/www.giurgiuveanul.ro\/stiri\/wp-json\/wp\/v2\/media?parent=101170"}],"wp:term":[{"taxonomy":"category","embeddable":true,"href":"https:\/\/www.giurgiuveanul.ro\/stiri\/wp-json\/wp\/v2\/categories?post=101170"},{"taxonomy":"post_tag","embeddable":true,"href":"https:\/\/www.giurgiuveanul.ro\/stiri\/wp-json\/wp\/v2\/tags?post=101170"}],"curies":[{"name":"wp","href":"https:\/\/api.w.org\/{rel}","templated":true}]}}