{"id":101176,"date":"2023-11-06T15:38:31","date_gmt":"2023-11-06T13:38:31","guid":{"rendered":"https:\/\/www.giurgiuveanul.ro\/stiri\/?p=101176"},"modified":"2023-11-06T16:30:34","modified_gmt":"2023-11-06T14:30:34","slug":"gradinita-cu-program-prelungit-prichindeii-din-giurgiu-reprezentata-in-luxembourg-la-conferinta-internationala-educationala-cu-tema-formarea-profesorilor-in-domeniul-dez","status":"publish","type":"post","link":"https:\/\/www.giurgiuveanul.ro\/stiri\/gradinita-cu-program-prelungit-prichindeii-din-giurgiu-reprezentata-in-luxembourg-la-conferinta-internationala-educationala-cu-tema-formarea-profesorilor-in-domeniul-dez\/","title":{"rendered":"Gr\u0103dini\u0163a cu Program Prelungit \u201cPrichindeii\u201d, din Giurgiu, reprezentat\u0103 \u00een Luxembourg, la Conferin\u0163a Interna\u0163ional\u0103 Educa\u0163ional\u0103, cu tema \u201cFormarea profesorilor \u00een domeniul dezvolt\u0103rii durabile\u201d"},"content":{"rendered":"<p style=\"text-align: justify;\"><strong><a href=\"https:\/\/www.giurgiuveanul.ro\/stiri\/wp-content\/uploads\/2023\/11\/1-1.jpeg\"><img loading=\"lazy\" decoding=\"async\" class=\"aligncenter wp-image-101177\" src=\"https:\/\/www.giurgiuveanul.ro\/stiri\/wp-content\/uploads\/2023\/11\/1-1-560x405.jpeg\" alt=\"\" width=\"592\" height=\"428\" srcset=\"https:\/\/www.giurgiuveanul.ro\/stiri\/wp-content\/uploads\/2023\/11\/1-1-560x405.jpeg 560w, https:\/\/www.giurgiuveanul.ro\/stiri\/wp-content\/uploads\/2023\/11\/1-1-250x181.jpeg 250w, https:\/\/www.giurgiuveanul.ro\/stiri\/wp-content\/uploads\/2023\/11\/1-1-768x556.jpeg 768w, https:\/\/www.giurgiuveanul.ro\/stiri\/wp-content\/uploads\/2023\/11\/1-1-1536x1111.jpeg 1536w, https:\/\/www.giurgiuveanul.ro\/stiri\/wp-content\/uploads\/2023\/11\/1-1-400x289.jpeg 400w, https:\/\/www.giurgiuveanul.ro\/stiri\/wp-content\/uploads\/2023\/11\/1-1.jpeg 1732w\" sizes=\"auto, (max-width: 592px) 100vw, 592px\" \/><\/a>Gr\u0103dini\u0163a cu Program Prelungit \u201cPrichindeii\u201d, din Giurgiu,<\/strong> \u00a0reprezentat\u0103 de<!--more--> directorul institu\u0163iei, <strong>profesor Georgeta Manuela Breazu<\/strong>, <strong>profesor Vasilica Chivu, profesor Petru\u021ba Ancu\u021ba Bi\u021b\u0103, educator Larisa Micu, educator Sara Andreea Marcea,<\/strong> dar \u0219i un reprezentant de la \u0218coala Gimnazial\u0103 Special\u0103 Nr. 1, Giurgiu, este vorba despre <strong>profesor Elena Mirona Blaga<\/strong>, au participat la Conferin\u0163a Interna\u0163ional\u0103 Educa\u0163ional\u0103, cu tema \u201cFormarea profesorilor \u00een domeniul dezvolt\u0103rii durabile\u201d.<\/p>\n<p><a href=\"https:\/\/www.giurgiuveanul.ro\/stiri\/wp-content\/uploads\/2023\/11\/2-1.jpeg\"><img loading=\"lazy\" decoding=\"async\" class=\"aligncenter wp-image-101179\" src=\"https:\/\/www.giurgiuveanul.ro\/stiri\/wp-content\/uploads\/2023\/11\/2-1-560x370.jpeg\" alt=\"\" width=\"589\" height=\"389\" srcset=\"https:\/\/www.giurgiuveanul.ro\/stiri\/wp-content\/uploads\/2023\/11\/2-1-560x370.jpeg 560w, https:\/\/www.giurgiuveanul.ro\/stiri\/wp-content\/uploads\/2023\/11\/2-1-250x165.jpeg 250w, https:\/\/www.giurgiuveanul.ro\/stiri\/wp-content\/uploads\/2023\/11\/2-1-768x508.jpeg 768w, https:\/\/www.giurgiuveanul.ro\/stiri\/wp-content\/uploads\/2023\/11\/2-1-1536x1015.jpeg 1536w, https:\/\/www.giurgiuveanul.ro\/stiri\/wp-content\/uploads\/2023\/11\/2-1-400x264.jpeg 400w, https:\/\/www.giurgiuveanul.ro\/stiri\/wp-content\/uploads\/2023\/11\/2-1.jpeg 1796w\" sizes=\"auto, (max-width: 589px) 100vw, 589px\" \/><\/a> <a href=\"https:\/\/www.giurgiuveanul.ro\/stiri\/wp-content\/uploads\/2023\/11\/4.jpeg\"><img loading=\"lazy\" decoding=\"async\" class=\"aligncenter wp-image-101180\" src=\"https:\/\/www.giurgiuveanul.ro\/stiri\/wp-content\/uploads\/2023\/11\/4-560x289.jpeg\" alt=\"\" width=\"587\" height=\"303\" srcset=\"https:\/\/www.giurgiuveanul.ro\/stiri\/wp-content\/uploads\/2023\/11\/4-560x289.jpeg 560w, https:\/\/www.giurgiuveanul.ro\/stiri\/wp-content\/uploads\/2023\/11\/4-250x129.jpeg 250w, https:\/\/www.giurgiuveanul.ro\/stiri\/wp-content\/uploads\/2023\/11\/4-768x396.jpeg 768w, https:\/\/www.giurgiuveanul.ro\/stiri\/wp-content\/uploads\/2023\/11\/4-400x206.jpeg 400w, https:\/\/www.giurgiuveanul.ro\/stiri\/wp-content\/uploads\/2023\/11\/4.jpeg 1400w\" sizes=\"auto, (max-width: 587px) 100vw, 587px\" \/><\/a> <a href=\"https:\/\/www.giurgiuveanul.ro\/stiri\/wp-content\/uploads\/2023\/11\/5.jpeg\"><img loading=\"lazy\" decoding=\"async\" class=\"aligncenter wp-image-101181\" src=\"https:\/\/www.giurgiuveanul.ro\/stiri\/wp-content\/uploads\/2023\/11\/5-560x364.jpeg\" alt=\"\" width=\"587\" height=\"381\" srcset=\"https:\/\/www.giurgiuveanul.ro\/stiri\/wp-content\/uploads\/2023\/11\/5-560x364.jpeg 560w, https:\/\/www.giurgiuveanul.ro\/stiri\/wp-content\/uploads\/2023\/11\/5-250x162.jpeg 250w, https:\/\/www.giurgiuveanul.ro\/stiri\/wp-content\/uploads\/2023\/11\/5-768x499.jpeg 768w, https:\/\/www.giurgiuveanul.ro\/stiri\/wp-content\/uploads\/2023\/11\/5-400x260.jpeg 400w, https:\/\/www.giurgiuveanul.ro\/stiri\/wp-content\/uploads\/2023\/11\/5.jpeg 1070w\" sizes=\"auto, (max-width: 587px) 100vw, 587px\" \/><\/a><\/p>\n<p style=\"text-align: justify;\">Evenimentul a avut loc \u00een Luxembourg, \u00een perioada 30 octombrie &#8211; 2 noiembrie 2023, \u00een organizarea Vivid Education &amp; Management SRL, \u00een parteneriat cu Asocia\u0163ia francez\u0103 \u201eEchanges Internationaux au service de l\u2019Education\u201d \u015fi Asocia\u0163ia Centrul Cultural Francofon din Buz\u0103u.<\/p>\n<p><a href=\"https:\/\/www.giurgiuveanul.ro\/stiri\/wp-content\/uploads\/2023\/11\/8.jpeg\"><img loading=\"lazy\" decoding=\"async\" class=\"aligncenter  wp-image-101187\" src=\"https:\/\/www.giurgiuveanul.ro\/stiri\/wp-content\/uploads\/2023\/11\/8-560x407.jpeg\" alt=\"\" width=\"585\" height=\"425\" srcset=\"https:\/\/www.giurgiuveanul.ro\/stiri\/wp-content\/uploads\/2023\/11\/8-560x407.jpeg 560w, https:\/\/www.giurgiuveanul.ro\/stiri\/wp-content\/uploads\/2023\/11\/8-250x182.jpeg 250w, https:\/\/www.giurgiuveanul.ro\/stiri\/wp-content\/uploads\/2023\/11\/8-768x558.jpeg 768w, https:\/\/www.giurgiuveanul.ro\/stiri\/wp-content\/uploads\/2023\/11\/8-400x291.jpeg 400w, https:\/\/www.giurgiuveanul.ro\/stiri\/wp-content\/uploads\/2023\/11\/8.jpeg 1082w\" sizes=\"auto, (max-width: 585px) 100vw, 585px\" \/><\/a><a href=\"https:\/\/www.giurgiuveanul.ro\/stiri\/wp-content\/uploads\/2023\/11\/7.jpeg\"><img loading=\"lazy\" decoding=\"async\" class=\"aligncenter wp-image-101185\" src=\"https:\/\/www.giurgiuveanul.ro\/stiri\/wp-content\/uploads\/2023\/11\/7-517x450.jpeg\" alt=\"\" width=\"587\" height=\"511\" srcset=\"https:\/\/www.giurgiuveanul.ro\/stiri\/wp-content\/uploads\/2023\/11\/7-517x450.jpeg 517w, https:\/\/www.giurgiuveanul.ro\/stiri\/wp-content\/uploads\/2023\/11\/7-250x218.jpeg 250w, https:\/\/www.giurgiuveanul.ro\/stiri\/wp-content\/uploads\/2023\/11\/7-768x669.jpeg 768w, https:\/\/www.giurgiuveanul.ro\/stiri\/wp-content\/uploads\/2023\/11\/7-400x348.jpeg 400w, https:\/\/www.giurgiuveanul.ro\/stiri\/wp-content\/uploads\/2023\/11\/7.jpeg 1200w\" sizes=\"auto, (max-width: 587px) 100vw, 587px\" \/><\/a><\/p>\n<p style=\"text-align: justify;\">La Festivitatea de \u00eenm\u00e2nare a diplomelor, a fost prezent\u0103 <strong>Excelen\u021ba Sa doamna Livia Rusu, Ambasadorul Rom\u00e2niei \u00een Marele Ducat al\u00a0 Luxemburgului, \u0219i laurea\u021bi ai Olimpiadei de Benzi Desenate din Rom\u00e2nia, \u00eenso\u021bi\u021bi de profesorul Mihai Gr\u0103jdeanu.<\/strong><\/p>\n<p><a href=\"https:\/\/www.giurgiuveanul.ro\/stiri\/wp-content\/uploads\/2023\/11\/3-1.jpeg\"><img loading=\"lazy\" decoding=\"async\" class=\"aligncenter wp-image-101183\" src=\"https:\/\/www.giurgiuveanul.ro\/stiri\/wp-content\/uploads\/2023\/11\/3-1-421x450.jpeg\" alt=\"\" width=\"584\" height=\"625\" srcset=\"https:\/\/www.giurgiuveanul.ro\/stiri\/wp-content\/uploads\/2023\/11\/3-1-421x450.jpeg 421w, https:\/\/www.giurgiuveanul.ro\/stiri\/wp-content\/uploads\/2023\/11\/3-1-250x267.jpeg 250w, https:\/\/www.giurgiuveanul.ro\/stiri\/wp-content\/uploads\/2023\/11\/3-1-768x821.jpeg 768w, https:\/\/www.giurgiuveanul.ro\/stiri\/wp-content\/uploads\/2023\/11\/3-1-400x427.jpeg 400w, https:\/\/www.giurgiuveanul.ro\/stiri\/wp-content\/uploads\/2023\/11\/3-1.jpeg 1123w\" sizes=\"auto, (max-width: 584px) 100vw, 584px\" \/><\/a> <a href=\"https:\/\/www.giurgiuveanul.ro\/stiri\/wp-content\/uploads\/2023\/11\/6.jpeg\"><img loading=\"lazy\" decoding=\"async\" class=\"aligncenter wp-image-101184\" src=\"https:\/\/www.giurgiuveanul.ro\/stiri\/wp-content\/uploads\/2023\/11\/6-560x376.jpeg\" alt=\"\" width=\"579\" height=\"389\" srcset=\"https:\/\/www.giurgiuveanul.ro\/stiri\/wp-content\/uploads\/2023\/11\/6-560x376.jpeg 560w, https:\/\/www.giurgiuveanul.ro\/stiri\/wp-content\/uploads\/2023\/11\/6-250x168.jpeg 250w, https:\/\/www.giurgiuveanul.ro\/stiri\/wp-content\/uploads\/2023\/11\/6-768x516.jpeg 768w, https:\/\/www.giurgiuveanul.ro\/stiri\/wp-content\/uploads\/2023\/11\/6-400x269.jpeg 400w, https:\/\/www.giurgiuveanul.ro\/stiri\/wp-content\/uploads\/2023\/11\/6.jpeg 1028w\" sizes=\"auto, (max-width: 579px) 100vw, 579px\" \/><\/a><\/p>\n","protected":false},"excerpt":{"rendered":"<p>Gr\u0103dini\u0163a cu Program Prelungit \u201cPrichindeii\u201d, din Giurgiu, \u00a0reprezentat\u0103 de<\/p>\n","protected":false},"author":1,"featured_media":0,"comment_status":"open","ping_status":"open","sticky":false,"template":"","format":"standard","meta":{"footnotes":""},"categories":[6],"tags":[],"class_list":["post-101176","post","type-post","status-publish","format-standard","hentry","category-breaking-news"],"_links":{"self":[{"href":"https:\/\/www.giurgiuveanul.ro\/stiri\/wp-json\/wp\/v2\/posts\/101176","targetHints":{"allow":["GET"]}}],"collection":[{"href":"https:\/\/www.giurgiuveanul.ro\/stiri\/wp-json\/wp\/v2\/posts"}],"about":[{"href":"https:\/\/www.giurgiuveanul.ro\/stiri\/wp-json\/wp\/v2\/types\/post"}],"author":[{"embeddable":true,"href":"https:\/\/www.giurgiuveanul.ro\/stiri\/wp-json\/wp\/v2\/users\/1"}],"replies":[{"embeddable":true,"href":"https:\/\/www.giurgiuveanul.ro\/stiri\/wp-json\/wp\/v2\/comments?post=101176"}],"version-history":[{"count":0,"href":"https:\/\/www.giurgiuveanul.ro\/stiri\/wp-json\/wp\/v2\/posts\/101176\/revisions"}],"wp:attachment":[{"href":"https:\/\/www.giurgiuveanul.ro\/stiri\/wp-json\/wp\/v2\/media?parent=101176"}],"wp:term":[{"taxonomy":"category","embeddable":true,"href":"https:\/\/www.giurgiuveanul.ro\/stiri\/wp-json\/wp\/v2\/categories?post=101176"},{"taxonomy":"post_tag","embeddable":true,"href":"https:\/\/www.giurgiuveanul.ro\/stiri\/wp-json\/wp\/v2\/tags?post=101176"}],"curies":[{"name":"wp","href":"https:\/\/api.w.org\/{rel}","templated":true}]}}