{"id":101193,"date":"2023-11-07T09:46:59","date_gmt":"2023-11-07T07:46:59","guid":{"rendered":"https:\/\/www.giurgiuveanul.ro\/stiri\/?p=101193"},"modified":"2023-11-07T09:46:59","modified_gmt":"2023-11-07T07:46:59","slug":"unu-din-trei-romani-nu-mananca-micul-dejun","status":"publish","type":"post","link":"https:\/\/www.giurgiuveanul.ro\/stiri\/unu-din-trei-romani-nu-mananca-micul-dejun\/","title":{"rendered":"Unu din trei rom\u00e2ni nu m\u0103n\u00e2nc\u0103 micul dejun"},"content":{"rendered":"<p style=\"text-align: justify;\"><strong><a href=\"https:\/\/www.giurgiuveanul.ro\/stiri\/wp-content\/uploads\/2023\/11\/000-R2798-photo-final-1-scaled.jpg\"><img loading=\"lazy\" decoding=\"async\" class=\"aligncenter  wp-image-101194\" src=\"https:\/\/www.giurgiuveanul.ro\/stiri\/wp-content\/uploads\/2023\/11\/000-R2798-photo-final-1-560x420.jpg\" alt=\"\" width=\"572\" height=\"429\" srcset=\"https:\/\/www.giurgiuveanul.ro\/stiri\/wp-content\/uploads\/2023\/11\/000-R2798-photo-final-1-560x420.jpg 560w, https:\/\/www.giurgiuveanul.ro\/stiri\/wp-content\/uploads\/2023\/11\/000-R2798-photo-final-1-250x188.jpg 250w, https:\/\/www.giurgiuveanul.ro\/stiri\/wp-content\/uploads\/2023\/11\/000-R2798-photo-final-1-768x576.jpg 768w, https:\/\/www.giurgiuveanul.ro\/stiri\/wp-content\/uploads\/2023\/11\/000-R2798-photo-final-1-1536x1152.jpg 1536w, https:\/\/www.giurgiuveanul.ro\/stiri\/wp-content\/uploads\/2023\/11\/000-R2798-photo-final-1-2048x1536.jpg 2048w, https:\/\/www.giurgiuveanul.ro\/stiri\/wp-content\/uploads\/2023\/11\/000-R2798-photo-final-1-400x300.jpg 400w\" sizes=\"auto, (max-width: 572px) 100vw, 572px\" \/><\/a>Aceste date au rezultat \u00een urma unui sondaj de opinie realizat \u00een perioada<!--more--> 28 iunie &#8211; 18 septembrie 2023 care au accesat site-ul TeMananc.ro. La sondaj au participat de 3217 persoane \u0219i s-au cercetat diverse aspecte legate de obiceiurile alimentare la prima mas\u0103 a zilei.<\/strong><\/p>\n<p><a href=\"https:\/\/temananc.ro\/articole\/sondaj-unu-din-trei-romani-nu-mananca-micul-dejun-23397.html\" target=\"_blank\" rel=\"nofollow noopener noreferrer\">Sondajul TeMananc.ro<\/a>\u00a0arat\u0103 c\u0103 printre cele mai consumate alimente sunt ou\u0103le (45%), urmate de sandvi\u0219uri \u0219i mezeluri (38.81%), br\u00e2nzeturi (29.1%), cereale cu lapte sau iaurt (27.01%). C\u00e2nd vine vorba de b\u0103uturi, cafeaua \u00ee\u0219i men\u021bine pozi\u021bia de lider, fiind preferat\u0103 de 60.75% dintre responden\u021bi.<\/p>\n<p>52.39% din responden\u021bii care consum\u0103 mic dejun aleg s\u0103 m\u0103n\u00e2nce dup\u0103 2 ore de la trezire iar 24.63% au men\u021bionat c\u0103 micul dejun este mai consistent \u00een weekend.<\/p>\n<p>Interesant e c\u0103 doar 50.9% dintre responden\u021bi au afirmat c\u0103 m\u0103n\u00e2nc\u0103 micul dejun zilnic, \u00een timp ce 30.3% au spus c\u0103 nu m\u0103n\u00e2nc\u0103 deloc la micul dejun. Al\u021bii m\u0103n\u00e2nc\u0103 ocazional, de 2-3 ori pe s\u0103pt\u0103m\u00e2n\u0103 (12.39%) sau de 3-4 ori pe s\u0103pt\u0103m\u00e2n\u0103 (6.41%).<\/p>\n<p>\u00cen ceea ce prive\u0219te momentul zilei \u00een care se ia micul dejun, unu din doi rom\u00e2ni (52.39%) aleg s\u0103 m\u0103n\u00e2nce dup\u0103 2 ore de la trezire, 31.94% dup\u0103 o or\u0103, iar 15.67% imediat ce se trezesc.<\/p>\n<p>Alimentele preferate sunt ou\u0103le, ales de 44.78% dintre responden\u021bi, urmate de sandvi\u0219uri \u0219i mezeluri (38.81%), br\u00e2nzeturi (29.1%), cereale cu lapte sau iaurt (27.01%), fructe \u0219i\/sau legume (22.84%) \u0219i produse de patiserie (21.64%).<br \/>\nC\u00e2nd vine vorba de b\u0103uturi, cafeaua \u00ee\u0219i men\u021bine pozi\u021bia de lider, fiind preferat\u0103 de 60.75% dintre responden\u021bi. Ap\u0103 este \u0219i ea popular\u0103, cu un procent de 53.73%. Alte b\u0103uturi precum ceaiul (22.54%), lactatele (13.43%), sucurile acidulate (9.55%) \u0219i sucurile naturale (7.31%) au fost \u0219i ele men\u021bionate.<\/p>\n<p>\u00cen plus, 54.93% dintre responden\u021bi au spus c\u0103 micul dejun pe care \u00eel consum\u0103 \u00een timpul s\u0103pt\u0103m\u00e2nii nu difer\u0103 de cel din weekend. Cu toate acestea, 24.63% au men\u021bionat c\u0103 micul dejun este mai consistent \u00een weekend, \u00een timp ce 20.44% nu m\u0103n\u00e2nc\u0103 micul dejun \u00een weekend.<\/p>\n<p>Mai multe detalii despre sondaj, gasi\u021bi aici &gt;\u00a0<a href=\"https:\/\/temananc.ro\/articole\/sondaj-unu-din-trei-romani-nu-mananca-micul-dejun-23397.html\" target=\"_blank\" rel=\"nofollow noopener noreferrer\">https:\/\/temananc.ro\/articole\/sondaj-unu-din-trei-romani-nu-mananca-micul-dejun-23397.html<\/a><\/p>\n","protected":false},"excerpt":{"rendered":"<p>Aceste date au rezultat \u00een urma unui sondaj de opinie realizat \u00een perioada<\/p>\n","protected":false},"author":1,"featured_media":0,"comment_status":"open","ping_status":"open","sticky":false,"template":"","format":"standard","meta":{"footnotes":""},"categories":[6],"tags":[],"class_list":["post-101193","post","type-post","status-publish","format-standard","hentry","category-breaking-news"],"_links":{"self":[{"href":"https:\/\/www.giurgiuveanul.ro\/stiri\/wp-json\/wp\/v2\/posts\/101193","targetHints":{"allow":["GET"]}}],"collection":[{"href":"https:\/\/www.giurgiuveanul.ro\/stiri\/wp-json\/wp\/v2\/posts"}],"about":[{"href":"https:\/\/www.giurgiuveanul.ro\/stiri\/wp-json\/wp\/v2\/types\/post"}],"author":[{"embeddable":true,"href":"https:\/\/www.giurgiuveanul.ro\/stiri\/wp-json\/wp\/v2\/users\/1"}],"replies":[{"embeddable":true,"href":"https:\/\/www.giurgiuveanul.ro\/stiri\/wp-json\/wp\/v2\/comments?post=101193"}],"version-history":[{"count":0,"href":"https:\/\/www.giurgiuveanul.ro\/stiri\/wp-json\/wp\/v2\/posts\/101193\/revisions"}],"wp:attachment":[{"href":"https:\/\/www.giurgiuveanul.ro\/stiri\/wp-json\/wp\/v2\/media?parent=101193"}],"wp:term":[{"taxonomy":"category","embeddable":true,"href":"https:\/\/www.giurgiuveanul.ro\/stiri\/wp-json\/wp\/v2\/categories?post=101193"},{"taxonomy":"post_tag","embeddable":true,"href":"https:\/\/www.giurgiuveanul.ro\/stiri\/wp-json\/wp\/v2\/tags?post=101193"}],"curies":[{"name":"wp","href":"https:\/\/api.w.org\/{rel}","templated":true}]}}