{"id":101207,"date":"2023-11-08T16:19:27","date_gmt":"2023-11-08T14:19:27","guid":{"rendered":"https:\/\/www.giurgiuveanul.ro\/stiri\/?p=101207"},"modified":"2023-11-08T16:19:43","modified_gmt":"2023-11-08T14:19:43","slug":"accident-rutier-soldat-cu-o-victima-in-adunatii-copaceni","status":"publish","type":"post","link":"https:\/\/www.giurgiuveanul.ro\/stiri\/accident-rutier-soldat-cu-o-victima-in-adunatii-copaceni\/","title":{"rendered":"ACCIDENT RUTIER soldat cu o victim\u0103, \u00een Aduna\u0163ii Cop\u0103ceni"},"content":{"rendered":"<p style=\"text-align: justify;\"><strong><a href=\"https:\/\/www.giurgiuveanul.ro\/stiri\/wp-content\/uploads\/2023\/11\/00-accident-1.jpeg\"><img loading=\"lazy\" decoding=\"async\" class=\"aligncenter wp-image-101208\" src=\"https:\/\/www.giurgiuveanul.ro\/stiri\/wp-content\/uploads\/2023\/11\/00-accident-1-523x450.jpeg\" alt=\"\" width=\"573\" height=\"493\" srcset=\"https:\/\/www.giurgiuveanul.ro\/stiri\/wp-content\/uploads\/2023\/11\/00-accident-1-523x450.jpeg 523w, https:\/\/www.giurgiuveanul.ro\/stiri\/wp-content\/uploads\/2023\/11\/00-accident-1-250x215.jpeg 250w, https:\/\/www.giurgiuveanul.ro\/stiri\/wp-content\/uploads\/2023\/11\/00-accident-1-768x660.jpeg 768w, https:\/\/www.giurgiuveanul.ro\/stiri\/wp-content\/uploads\/2023\/11\/00-accident-1-400x344.jpeg 400w, https:\/\/www.giurgiuveanul.ro\/stiri\/wp-content\/uploads\/2023\/11\/00-accident-1.jpeg 1200w\" sizes=\"auto, (max-width: 573px) 100vw, 573px\" \/><\/a>O femeie, \u00een v\u00e2rst\u0103 de 33 de ani,<!--more--> a avut nevoie de \u00eengrijiri medicale, \u00een urma unui accident rutier ce s-a produs, \u00een aceast\u0103 dup\u0103-amiaz\u0103, \u00een localitatea Aduna\u021bii Cop\u0103ceni, informeaz\u0103 ISU Giurgiu.<\/strong><\/p>\n<p style=\"text-align: justify;\">La caz s-au deplasat pompierii din cadrul Punctului de Lucru C\u0103lug\u0103reni, cu o autospecial\u0103 de stingere \u0219i o ambulan\u021b\u0103 SAJ.<\/p>\n<p style=\"text-align: justify;\">\u00cen accident a fost implicat un singur autoturism, care, la sosirea pompierilor, se afla r\u0103sturnat pe plafon, \u00een afara p\u0103r\u021bii carosabile.<\/p>\n<p style=\"text-align: justify;\">\u0218oferi\u021ba reu\u0219ise s\u0103 ias\u0103 singur\u0103 din autovehicul. Aceasta a fost preluat\u0103 de ambulan\u021b\u0103 \u0219i transportat\u0103 la Unitatea de Primiri Urgen\u021be Giurgiu.<\/p>\n<p style=\"text-align: justify;\">Pompierii au asigurat m\u0103surile de prevenire a incendiilor prin deconectarea bornelor de la bateria autoturismului.<\/p>\n<p style=\"text-align: justify;\">Cazul a r\u0103mas un aten\u021bia Poli\u021biei pentru cercet\u0103ri.<\/p>\n","protected":false},"excerpt":{"rendered":"<p>O femeie, \u00een v\u00e2rst\u0103 de 33 de ani,<\/p>\n","protected":false},"author":1,"featured_media":0,"comment_status":"open","ping_status":"open","sticky":false,"template":"","format":"standard","meta":{"footnotes":""},"categories":[6],"tags":[],"class_list":["post-101207","post","type-post","status-publish","format-standard","hentry","category-breaking-news"],"_links":{"self":[{"href":"https:\/\/www.giurgiuveanul.ro\/stiri\/wp-json\/wp\/v2\/posts\/101207","targetHints":{"allow":["GET"]}}],"collection":[{"href":"https:\/\/www.giurgiuveanul.ro\/stiri\/wp-json\/wp\/v2\/posts"}],"about":[{"href":"https:\/\/www.giurgiuveanul.ro\/stiri\/wp-json\/wp\/v2\/types\/post"}],"author":[{"embeddable":true,"href":"https:\/\/www.giurgiuveanul.ro\/stiri\/wp-json\/wp\/v2\/users\/1"}],"replies":[{"embeddable":true,"href":"https:\/\/www.giurgiuveanul.ro\/stiri\/wp-json\/wp\/v2\/comments?post=101207"}],"version-history":[{"count":0,"href":"https:\/\/www.giurgiuveanul.ro\/stiri\/wp-json\/wp\/v2\/posts\/101207\/revisions"}],"wp:attachment":[{"href":"https:\/\/www.giurgiuveanul.ro\/stiri\/wp-json\/wp\/v2\/media?parent=101207"}],"wp:term":[{"taxonomy":"category","embeddable":true,"href":"https:\/\/www.giurgiuveanul.ro\/stiri\/wp-json\/wp\/v2\/categories?post=101207"},{"taxonomy":"post_tag","embeddable":true,"href":"https:\/\/www.giurgiuveanul.ro\/stiri\/wp-json\/wp\/v2\/tags?post=101207"}],"curies":[{"name":"wp","href":"https:\/\/api.w.org\/{rel}","templated":true}]}}