{"id":101231,"date":"2023-11-09T12:13:19","date_gmt":"2023-11-09T10:13:19","guid":{"rendered":"https:\/\/www.giurgiuveanul.ro\/stiri\/?p=101231"},"modified":"2023-11-09T12:16:04","modified_gmt":"2023-11-09T10:16:04","slug":"targul-de-toamna-la-scoala-gimnaziala-sfantul-gheorghe-giurgiu","status":"publish","type":"post","link":"https:\/\/www.giurgiuveanul.ro\/stiri\/targul-de-toamna-la-scoala-gimnaziala-sfantul-gheorghe-giurgiu\/","title":{"rendered":"T\u00e2rgul de toamn\u0103&#8230; la \u015ecoala Gimnazial\u0103 \u201eSf\u00e2ntul Gheorghe\u201d Giurgiu"},"content":{"rendered":"<p style=\"text-align: justify;\"><a href=\"https:\/\/www.giurgiuveanul.ro\/stiri\/wp-content\/uploads\/2023\/11\/0-targul-de-toamna.jpg\"><img loading=\"lazy\" decoding=\"async\" class=\"aligncenter wp-image-101232\" src=\"https:\/\/www.giurgiuveanul.ro\/stiri\/wp-content\/uploads\/2023\/11\/0-targul-de-toamna-319x450.jpg\" alt=\"\" width=\"578\" height=\"816\" srcset=\"https:\/\/www.giurgiuveanul.ro\/stiri\/wp-content\/uploads\/2023\/11\/0-targul-de-toamna-319x450.jpg 319w, https:\/\/www.giurgiuveanul.ro\/stiri\/wp-content\/uploads\/2023\/11\/0-targul-de-toamna-213x300.jpg 213w, https:\/\/www.giurgiuveanul.ro\/stiri\/wp-content\/uploads\/2023\/11\/0-targul-de-toamna-768x1083.jpg 768w, https:\/\/www.giurgiuveanul.ro\/stiri\/wp-content\/uploads\/2023\/11\/0-targul-de-toamna-1090x1536.jpg 1090w, https:\/\/www.giurgiuveanul.ro\/stiri\/wp-content\/uploads\/2023\/11\/0-targul-de-toamna-400x564.jpg 400w, https:\/\/www.giurgiuveanul.ro\/stiri\/wp-content\/uploads\/2023\/11\/0-targul-de-toamna.jpg 1240w\" sizes=\"auto, (max-width: 578px) 100vw, 578px\" \/><\/a>La ini\u0163iativa<!--more--> comiteului de p\u0103rin\u0163i al \u015fcolii gimnaziale \u201eSf\u00e2ntul Gheorghe\u201d Giurgiu \u015fi cu sprijinul colectivului de cadre didactice se va derula, \u00een curtea \u015fcolii, \u201eT\u00e2rgul de toamn\u0103\u201d.<\/p>\n<p style=\"text-align: justify;\">Evenimentul va avea loc vineri, 10 noiembrie 2023, \u00eencep\u00e2nd cu orele 11:00.<\/p>\n","protected":false},"excerpt":{"rendered":"<p>La ini\u0163iativa<\/p>\n","protected":false},"author":1,"featured_media":0,"comment_status":"open","ping_status":"open","sticky":false,"template":"","format":"standard","meta":{"footnotes":""},"categories":[6],"tags":[],"class_list":["post-101231","post","type-post","status-publish","format-standard","hentry","category-breaking-news"],"_links":{"self":[{"href":"https:\/\/www.giurgiuveanul.ro\/stiri\/wp-json\/wp\/v2\/posts\/101231","targetHints":{"allow":["GET"]}}],"collection":[{"href":"https:\/\/www.giurgiuveanul.ro\/stiri\/wp-json\/wp\/v2\/posts"}],"about":[{"href":"https:\/\/www.giurgiuveanul.ro\/stiri\/wp-json\/wp\/v2\/types\/post"}],"author":[{"embeddable":true,"href":"https:\/\/www.giurgiuveanul.ro\/stiri\/wp-json\/wp\/v2\/users\/1"}],"replies":[{"embeddable":true,"href":"https:\/\/www.giurgiuveanul.ro\/stiri\/wp-json\/wp\/v2\/comments?post=101231"}],"version-history":[{"count":0,"href":"https:\/\/www.giurgiuveanul.ro\/stiri\/wp-json\/wp\/v2\/posts\/101231\/revisions"}],"wp:attachment":[{"href":"https:\/\/www.giurgiuveanul.ro\/stiri\/wp-json\/wp\/v2\/media?parent=101231"}],"wp:term":[{"taxonomy":"category","embeddable":true,"href":"https:\/\/www.giurgiuveanul.ro\/stiri\/wp-json\/wp\/v2\/categories?post=101231"},{"taxonomy":"post_tag","embeddable":true,"href":"https:\/\/www.giurgiuveanul.ro\/stiri\/wp-json\/wp\/v2\/tags?post=101231"}],"curies":[{"name":"wp","href":"https:\/\/api.w.org\/{rel}","templated":true}]}}