{"id":101237,"date":"2023-11-09T14:51:56","date_gmt":"2023-11-09T12:51:56","guid":{"rendered":"https:\/\/www.giurgiuveanul.ro\/stiri\/?p=101237"},"modified":"2023-11-09T14:55:59","modified_gmt":"2023-11-09T12:55:59","slug":"liceul-teoretic-tudor-vianu-giurgiu-inclus-in-reteaua-seismica-educationala-din-romania-roeduseis","status":"publish","type":"post","link":"https:\/\/www.giurgiuveanul.ro\/stiri\/liceul-teoretic-tudor-vianu-giurgiu-inclus-in-reteaua-seismica-educationala-din-romania-roeduseis\/","title":{"rendered":"Liceul Teoretic \u201eTudor Vianu\u201d Giurgiu &#8211; inclus \u00een Re\u021beaua Seismic\u0103 Educa\u021bional\u0103 din Rom\u00e2nia (RoEduSeis)"},"content":{"rendered":"<p style=\"text-align: justify;\"><strong><a href=\"https:\/\/www.giurgiuveanul.ro\/stiri\/wp-content\/uploads\/2023\/11\/00-liceul-tudor-vianu.jpeg\"><img loading=\"lazy\" decoding=\"async\" class=\"aligncenter wp-image-101238\" src=\"https:\/\/www.giurgiuveanul.ro\/stiri\/wp-content\/uploads\/2023\/11\/00-liceul-tudor-vianu-318x450.jpeg\" alt=\"\" width=\"562\" height=\"795\" srcset=\"https:\/\/www.giurgiuveanul.ro\/stiri\/wp-content\/uploads\/2023\/11\/00-liceul-tudor-vianu-318x450.jpeg 318w, https:\/\/www.giurgiuveanul.ro\/stiri\/wp-content\/uploads\/2023\/11\/00-liceul-tudor-vianu-212x300.jpeg 212w, https:\/\/www.giurgiuveanul.ro\/stiri\/wp-content\/uploads\/2023\/11\/00-liceul-tudor-vianu-768x1086.jpeg 768w, https:\/\/www.giurgiuveanul.ro\/stiri\/wp-content\/uploads\/2023\/11\/00-liceul-tudor-vianu-1086x1536.jpeg 1086w, https:\/\/www.giurgiuveanul.ro\/stiri\/wp-content\/uploads\/2023\/11\/00-liceul-tudor-vianu-400x566.jpeg 400w, https:\/\/www.giurgiuveanul.ro\/stiri\/wp-content\/uploads\/2023\/11\/00-liceul-tudor-vianu.jpeg 1131w\" sizes=\"auto, (max-width: 562px) 100vw, 562px\" \/><\/a>\u00cencep\u00e2nd cu acest an \u0219colar, Liceul Teoretic \u2019\u2019Tudor Vianu\u2019\u2019 Giurgiu<!--more--> face parte din Re\u021beaua Seismic\u0103 Educa\u021bional\u0103 din Rom\u00e2nia ( RoEduSeis), \u00een urma acordului de parteneriat \u00eencheiat cu Institutul Na\u021bional de Cercetare Dezvoltare pentru Fizica P\u0103m\u00e2ntului.<\/strong><\/p>\n<p style=\"text-align: justify;\">Obiectivul principal al acestui acord \u00eel reprezint\u0103 constituirea \u0219i dezvoltarea unui cadru de colaborare necesar pentru asigurarea sprijinului \u0219i suportului mutual pentru promovarea activit\u0103\u021bilor educa\u021bionale de prezentare a \u0219tiin\u021bei \u0219i tehnologiei.<\/p>\n<p style=\"text-align: justify;\">RoEduSeis, este o re\u021bea bazat\u0103 pe instrumente de \u00eenregistrare a cutremurelor instalate \u00een \u0219coli, operate de c\u0103tre personalul didactic \u0219i elevi, cu sprijinul cercet\u0103torilor \u0219i utilizate \u00eempreun\u0103 cu materiale suport, ca o resurs\u0103 pentru activit\u0103\u021bi didactice inovative, bazate pe datele \u00eenregistrate.<\/p>\n<p style=\"text-align: justify;\">Seismometrul instalat la Liceul Teoretic Tudor Vianu Giurgiu, este un Raspberry Shakes, capabil s\u0103 \u00eenregistreze cutremure locale, regionale \u0219i teleseisme produse la distan\u021be \u00a01.000 km.<\/p>\n<p style=\"text-align: justify;\">Dotarea liceului cu acest seismometru \u0219i includerea \u00een Re\u021beaua Seismic\u0103 Educa\u021bional\u0103 din Rom\u00e2nia, a fost posibil\u0103 \u00een urma particip\u0103rii la Concursului Na\u021bional de \u0218tiin\u021b\u0103 &#8211; ReCoNnect, sec\u021biunea V\u00e2n\u0103torii de cutremure, a elevilor din clasa a XI-a A, <strong>Marius Valentin T\u00eerc\u0103, Ovidiu Bo\u0219man \u0219i Eduard Naipeanu, coordona\u021bi de profesor Cristina Anghel, unde au c\u00e2\u0219tigat locul I<\/strong>.<\/p>\n","protected":false},"excerpt":{"rendered":"<p>\u00cencep\u00e2nd cu acest an \u0219colar, Liceul Teoretic \u2019\u2019Tudor Vianu\u2019\u2019 Giurgiu<\/p>\n","protected":false},"author":1,"featured_media":0,"comment_status":"open","ping_status":"open","sticky":false,"template":"","format":"standard","meta":{"footnotes":""},"categories":[6],"tags":[],"class_list":["post-101237","post","type-post","status-publish","format-standard","hentry","category-breaking-news"],"_links":{"self":[{"href":"https:\/\/www.giurgiuveanul.ro\/stiri\/wp-json\/wp\/v2\/posts\/101237","targetHints":{"allow":["GET"]}}],"collection":[{"href":"https:\/\/www.giurgiuveanul.ro\/stiri\/wp-json\/wp\/v2\/posts"}],"about":[{"href":"https:\/\/www.giurgiuveanul.ro\/stiri\/wp-json\/wp\/v2\/types\/post"}],"author":[{"embeddable":true,"href":"https:\/\/www.giurgiuveanul.ro\/stiri\/wp-json\/wp\/v2\/users\/1"}],"replies":[{"embeddable":true,"href":"https:\/\/www.giurgiuveanul.ro\/stiri\/wp-json\/wp\/v2\/comments?post=101237"}],"version-history":[{"count":0,"href":"https:\/\/www.giurgiuveanul.ro\/stiri\/wp-json\/wp\/v2\/posts\/101237\/revisions"}],"wp:attachment":[{"href":"https:\/\/www.giurgiuveanul.ro\/stiri\/wp-json\/wp\/v2\/media?parent=101237"}],"wp:term":[{"taxonomy":"category","embeddable":true,"href":"https:\/\/www.giurgiuveanul.ro\/stiri\/wp-json\/wp\/v2\/categories?post=101237"},{"taxonomy":"post_tag","embeddable":true,"href":"https:\/\/www.giurgiuveanul.ro\/stiri\/wp-json\/wp\/v2\/tags?post=101237"}],"curies":[{"name":"wp","href":"https:\/\/api.w.org\/{rel}","templated":true}]}}