{"id":101249,"date":"2023-11-10T15:07:23","date_gmt":"2023-11-10T13:07:23","guid":{"rendered":"https:\/\/www.giurgiuveanul.ro\/stiri\/?p=101249"},"modified":"2023-11-10T15:07:23","modified_gmt":"2023-11-10T13:07:23","slug":"isu-giurgiu-incendiu-la-fratesti-din-cauza-cosului-de-fum","status":"publish","type":"post","link":"https:\/\/www.giurgiuveanul.ro\/stiri\/isu-giurgiu-incendiu-la-fratesti-din-cauza-cosului-de-fum\/","title":{"rendered":"ISU Giurgiu. Incendiu la Fr\u0103te\u0219ti, din cauza co\u0219ului de fum"},"content":{"rendered":"<p style=\"text-align: justify;\"><strong><a href=\"https:\/\/www.giurgiuveanul.ro\/stiri\/wp-content\/uploads\/2023\/11\/000-incendiu-la-fratesti.jpeg\"><img loading=\"lazy\" decoding=\"async\" class=\"aligncenter  wp-image-101250\" src=\"https:\/\/www.giurgiuveanul.ro\/stiri\/wp-content\/uploads\/2023\/11\/000-incendiu-la-fratesti-560x420.jpeg\" alt=\"\" width=\"569\" height=\"427\" srcset=\"https:\/\/www.giurgiuveanul.ro\/stiri\/wp-content\/uploads\/2023\/11\/000-incendiu-la-fratesti-560x420.jpeg 560w, https:\/\/www.giurgiuveanul.ro\/stiri\/wp-content\/uploads\/2023\/11\/000-incendiu-la-fratesti-250x188.jpeg 250w, https:\/\/www.giurgiuveanul.ro\/stiri\/wp-content\/uploads\/2023\/11\/000-incendiu-la-fratesti-768x576.jpeg 768w, https:\/\/www.giurgiuveanul.ro\/stiri\/wp-content\/uploads\/2023\/11\/000-incendiu-la-fratesti-400x300.jpeg 400w, https:\/\/www.giurgiuveanul.ro\/stiri\/wp-content\/uploads\/2023\/11\/000-incendiu-la-fratesti.jpeg 1080w\" sizes=\"auto, (max-width: 569px) 100vw, 569px\" \/><\/a>Casa unei familii din localitatea Fr\u0103te\u0219ti a<!--more--> fost \u00een pericol, \u00een aceast\u0103 dup\u0103-amiaz\u0103, din cauza unui incendiu care a izbucnit \u00een pod. Din fericire, proprietarii au observat fumul la timp \u0219i au cerut ajutor, potrivit ISU Giurgiu.\u00a0<\/strong><\/p>\n<p style=\"text-align: justify;\">La fa\u021ba locului s-au deplasat pompierii din cadrul Deta\u0219amentului Giurgiu, cu dou\u0103 autospeciale de stingere \u0219i o ambulan\u021b\u0103 SMURD. Ace\u0219tia au constatat faptul c\u0103 ardea acoperi\u0219ul locuin\u021bei, pe o suprafa\u021b\u0103 de aproximativ 10 mp, iar podul era inundat cu fum.<\/p>\n<p style=\"text-align: justify;\">Cel mai probabil, incendiul s-a produs din cauza co\u0219ului de fum necur\u0103\u021bat corespunz\u0103tor.<\/p>\n<p style=\"text-align: justify;\"><strong><em>Informare preventiv\u0103<\/em><\/strong><\/p>\n<p style=\"text-align: justify;\">Pentru \u00eenl\u0103turarea pericolului de incendiu ce poate ap\u0103rea pe timpul exploat\u0103rii co\u015furilor de fum, trebuie adoptate m\u0103suri care s\u0103 asigure:<\/p>\n<ul style=\"text-align: justify;\">\n<li>cur\u0103\u021barea periodic\u0103 a co\u0219urilor de fum pentru eliminarea depunerilor de funingine care se pot aprinde sau pot obtura canalele de evacuare;<\/li>\n<li>verificarea co\u015furilor de evacuare a fumului, pentru ca acestea s\u0103 nu prezinte fisuri care s\u0103 permit\u0103 sc\u00e2nteilor s\u0103 incendieze materialele combustibile ale plan\u0219eului sau acoperi\u0219ului (grinzi, astereal\u0103 etc.);<\/li>\n<li>tencuirea \u015fi v\u0103ruirea p\u0103r\u0163ii din pod a co\u015fului de fum, \u00een scopul detect\u0103rii imediate a fisurilor <em>(c\u0103ldura sau sc\u00e2nteile care ies prin fisurile unui co\u015f de fum deteriorat constituie surse de aprindere, dac\u0103 \u00een zona lor exist\u0103 elemente de construc\u0163ie sau structuri din lemn: grinzi, b\u00e2rne, suport acoperi\u015f etc<\/em>.<em>)<\/em>;<\/li>\n<li>\u00eengro\u0219area zid\u0103riei co\u015fului la trecerea prin plan\u015fee, l\u0103s\u00e2ndu-se un spa\u0163iu \u00eentre aceast\u0103 zid\u0103rie \u015fi elementele combustibile ale plan\u015feului;<\/li>\n<li>p\u0103strarea distan\u0163ei dintre fa\u0163a exterioar\u0103 a co\u015furilor \u015fi elementele combustibile ale acoperi\u015fului.<\/li>\n<\/ul>\n<p style=\"text-align: justify;\"><strong><em>Material de informare preventiv\u0103: <\/em><\/strong><a href=\"https:\/\/youtu.be\/ixUc6UmdzHY\">https:\/\/youtu.be\/ixUc6UmdzHY<\/a><\/p>\n<p style=\"text-align: justify;\">\n<p style=\"text-align: justify;\">Compartimentul Informare \u0219i Rela\u021bii Publice<\/p>\n","protected":false},"excerpt":{"rendered":"<p>Casa unei familii din localitatea Fr\u0103te\u0219ti a<\/p>\n","protected":false},"author":1,"featured_media":0,"comment_status":"open","ping_status":"open","sticky":false,"template":"","format":"standard","meta":{"footnotes":""},"categories":[6],"tags":[],"class_list":["post-101249","post","type-post","status-publish","format-standard","hentry","category-breaking-news"],"_links":{"self":[{"href":"https:\/\/www.giurgiuveanul.ro\/stiri\/wp-json\/wp\/v2\/posts\/101249","targetHints":{"allow":["GET"]}}],"collection":[{"href":"https:\/\/www.giurgiuveanul.ro\/stiri\/wp-json\/wp\/v2\/posts"}],"about":[{"href":"https:\/\/www.giurgiuveanul.ro\/stiri\/wp-json\/wp\/v2\/types\/post"}],"author":[{"embeddable":true,"href":"https:\/\/www.giurgiuveanul.ro\/stiri\/wp-json\/wp\/v2\/users\/1"}],"replies":[{"embeddable":true,"href":"https:\/\/www.giurgiuveanul.ro\/stiri\/wp-json\/wp\/v2\/comments?post=101249"}],"version-history":[{"count":0,"href":"https:\/\/www.giurgiuveanul.ro\/stiri\/wp-json\/wp\/v2\/posts\/101249\/revisions"}],"wp:attachment":[{"href":"https:\/\/www.giurgiuveanul.ro\/stiri\/wp-json\/wp\/v2\/media?parent=101249"}],"wp:term":[{"taxonomy":"category","embeddable":true,"href":"https:\/\/www.giurgiuveanul.ro\/stiri\/wp-json\/wp\/v2\/categories?post=101249"},{"taxonomy":"post_tag","embeddable":true,"href":"https:\/\/www.giurgiuveanul.ro\/stiri\/wp-json\/wp\/v2\/tags?post=101249"}],"curies":[{"name":"wp","href":"https:\/\/api.w.org\/{rel}","templated":true}]}}