{"id":101264,"date":"2023-11-10T17:27:45","date_gmt":"2023-11-10T15:27:45","guid":{"rendered":"https:\/\/www.giurgiuveanul.ro\/stiri\/?p=101264"},"modified":"2023-11-10T17:27:45","modified_gmt":"2023-11-10T15:27:45","slug":"aneta-matei-secretar-de-stat-in-ministerul-afacerilor-interne-vesti-bune-pentru-inspectoratul-de-politie-judetean-giurgiu","status":"publish","type":"post","link":"https:\/\/www.giurgiuveanul.ro\/stiri\/aneta-matei-secretar-de-stat-in-ministerul-afacerilor-interne-vesti-bune-pentru-inspectoratul-de-politie-judetean-giurgiu\/","title":{"rendered":"Aneta Matei, secretar de stat \u00een Ministerul Afacerilor Interne: Ve\u015fti bune pentru Inspectoratul de Poli\u021bie Jude\u021bean Giurgiu"},"content":{"rendered":"<p style=\"text-align: justify;\"><a href=\"https:\/\/www.giurgiuveanul.ro\/stiri\/wp-content\/uploads\/2023\/11\/000-aneta-matei.jpg\"><img loading=\"lazy\" decoding=\"async\" class=\"aligncenter  wp-image-101265\" src=\"https:\/\/www.giurgiuveanul.ro\/stiri\/wp-content\/uploads\/2023\/11\/000-aneta-matei-560x420.jpg\" alt=\"\" width=\"581\" height=\"436\" srcset=\"https:\/\/www.giurgiuveanul.ro\/stiri\/wp-content\/uploads\/2023\/11\/000-aneta-matei-560x420.jpg 560w, https:\/\/www.giurgiuveanul.ro\/stiri\/wp-content\/uploads\/2023\/11\/000-aneta-matei-250x188.jpg 250w, https:\/\/www.giurgiuveanul.ro\/stiri\/wp-content\/uploads\/2023\/11\/000-aneta-matei-768x576.jpg 768w, https:\/\/www.giurgiuveanul.ro\/stiri\/wp-content\/uploads\/2023\/11\/000-aneta-matei-1536x1152.jpg 1536w, https:\/\/www.giurgiuveanul.ro\/stiri\/wp-content\/uploads\/2023\/11\/000-aneta-matei-400x300.jpg 400w, https:\/\/www.giurgiuveanul.ro\/stiri\/wp-content\/uploads\/2023\/11\/000-aneta-matei.jpg 1600w\" sizes=\"auto, (max-width: 581px) 100vw, 581px\" \/><\/a>Dup\u0103 mai bine de trei ani de demersuri, \u00een \u0218edin\u021ba de Guvern din data de 9 noiembrie 2023, a fost aprobat\u0103<!--more--> preluarea \u00een administrarea MAI pentru Inspectoratul de Poli\u021bie Jude\u021bean Giurgiu, a imobilului \u00een care \u00ee\u0219i desf\u0103\u0219oar\u0103 activitatea Poli\u021bia Municipiului Giurgiu \u0219i Serviciul Public Comunitar Regim Permise de Conducere \u0219i \u00cenmatricul\u0103ri a Vehiculelor Giurgiu, situat pe strada Mircea cel B\u0103tr\u00e2n, nr.36, din municipiul Giurgiu.<\/p>\n<p style=\"text-align: justify;\">Imobilul respectiv a fost dat spre folosin\u021b\u0103, cu titlu gratuit, Inspectoratului de Poli\u021bie Jude\u021bean Giurgiu, la data de 29 aprilie 2015, \u00een acesta desf\u0103\u015fur\u00e2ndu-\u015fi\u00a0 activitatea structuri ale Poli\u021biei Municipale Giurgiu \u0219i ale Institu\u021biei Prefectului Jude\u021bului Giurgiu.<\/p>\n<p style=\"text-align: justify;\">\u00cen luna iulie 2020, I.P.J. Giurgiu a ini\u021biat demersurile de preluare \u00een administrarea Ministerului Afacerilor Interne a acestei cl\u0103diri, aflat\u0103 \u00een administrarea Ministerului Educa\u0163iei \u0219i Cercet\u0103rii &#8211; Academia de Studii Economice Bucure\u0219ti.<\/p>\n<p style=\"text-align: justify;\">Demersul este util pentru cele dou\u0103 institu\u021bii care \u00ee\u0219i desf\u0103\u0219oar\u0103 activitatea \u00een imobil, unele \u00eenc\u0103peri ale acestuia fiind \u00een prezent \u00eentr-o stare de degradare avansat\u0103, iar prin includerea acestuia \u00een patrimoniul I.P.J. Giurgiu, se vor putea realiza investi\u021bii \u0219i repara\u021bii, astfel \u00eenc\u00e2t poli\u021bi\u0219tii s\u0103-\u0219i desf\u0103\u0219oare activitatea \u00een condi\u021bii optime, iar cet\u0103\u021benii jude\u021bului Giurgiu s\u0103 beneficieze de servicii de calitate, a precizat <strong>giurgiuveanca noastr\u0103 Aneta Matei, secretar de stat \u00een Ministerul Afacerilor Interne<\/strong>.<\/p>\n","protected":false},"excerpt":{"rendered":"<p>Dup\u0103 mai bine de trei ani de demersuri, \u00een \u0218edin\u021ba de Guvern din data de 9 noiembrie 2023, a fost aprobat\u0103<\/p>\n","protected":false},"author":1,"featured_media":0,"comment_status":"open","ping_status":"open","sticky":false,"template":"","format":"standard","meta":{"footnotes":""},"categories":[6],"tags":[],"class_list":["post-101264","post","type-post","status-publish","format-standard","hentry","category-breaking-news"],"_links":{"self":[{"href":"https:\/\/www.giurgiuveanul.ro\/stiri\/wp-json\/wp\/v2\/posts\/101264","targetHints":{"allow":["GET"]}}],"collection":[{"href":"https:\/\/www.giurgiuveanul.ro\/stiri\/wp-json\/wp\/v2\/posts"}],"about":[{"href":"https:\/\/www.giurgiuveanul.ro\/stiri\/wp-json\/wp\/v2\/types\/post"}],"author":[{"embeddable":true,"href":"https:\/\/www.giurgiuveanul.ro\/stiri\/wp-json\/wp\/v2\/users\/1"}],"replies":[{"embeddable":true,"href":"https:\/\/www.giurgiuveanul.ro\/stiri\/wp-json\/wp\/v2\/comments?post=101264"}],"version-history":[{"count":0,"href":"https:\/\/www.giurgiuveanul.ro\/stiri\/wp-json\/wp\/v2\/posts\/101264\/revisions"}],"wp:attachment":[{"href":"https:\/\/www.giurgiuveanul.ro\/stiri\/wp-json\/wp\/v2\/media?parent=101264"}],"wp:term":[{"taxonomy":"category","embeddable":true,"href":"https:\/\/www.giurgiuveanul.ro\/stiri\/wp-json\/wp\/v2\/categories?post=101264"},{"taxonomy":"post_tag","embeddable":true,"href":"https:\/\/www.giurgiuveanul.ro\/stiri\/wp-json\/wp\/v2\/tags?post=101264"}],"curies":[{"name":"wp","href":"https:\/\/api.w.org\/{rel}","templated":true}]}}