{"id":101267,"date":"2023-11-11T17:18:16","date_gmt":"2023-11-11T15:18:16","guid":{"rendered":"https:\/\/www.giurgiuveanul.ro\/stiri\/?p=101267"},"modified":"2023-11-11T17:18:16","modified_gmt":"2023-11-11T15:18:16","slug":"ipj-giurgiu-cercetat-pentru-savarsirea-mai-multor-infractiuni-rutiere","status":"publish","type":"post","link":"https:\/\/www.giurgiuveanul.ro\/stiri\/ipj-giurgiu-cercetat-pentru-savarsirea-mai-multor-infractiuni-rutiere\/","title":{"rendered":"IPJ Giurgiu. Cercetat pentru s\u0103v\u00e2r\u0219irea mai multor infrac\u021biuni rutiere"},"content":{"rendered":"<p style=\"text-align: justify;\"><strong><a href=\"https:\/\/www.giurgiuveanul.ro\/stiri\/wp-content\/uploads\/2023\/11\/NDQwJmhhc2g9MDJlZGRjM2MyMzhlZmE4NTdjMDNiN2YxZjRkNjg2ZGQ.thumb_.jpg\"><img loading=\"lazy\" decoding=\"async\" class=\"aligncenter  wp-image-101268\" src=\"https:\/\/www.giurgiuveanul.ro\/stiri\/wp-content\/uploads\/2023\/11\/NDQwJmhhc2g9MDJlZGRjM2MyMzhlZmE4NTdjMDNiN2YxZjRkNjg2ZGQ.thumb_-560x316.jpg\" alt=\"\" width=\"585\" height=\"330\" srcset=\"https:\/\/www.giurgiuveanul.ro\/stiri\/wp-content\/uploads\/2023\/11\/NDQwJmhhc2g9MDJlZGRjM2MyMzhlZmE4NTdjMDNiN2YxZjRkNjg2ZGQ.thumb_-560x316.jpg 560w, https:\/\/www.giurgiuveanul.ro\/stiri\/wp-content\/uploads\/2023\/11\/NDQwJmhhc2g9MDJlZGRjM2MyMzhlZmE4NTdjMDNiN2YxZjRkNjg2ZGQ.thumb_-250x141.jpg 250w, https:\/\/www.giurgiuveanul.ro\/stiri\/wp-content\/uploads\/2023\/11\/NDQwJmhhc2g9MDJlZGRjM2MyMzhlZmE4NTdjMDNiN2YxZjRkNjg2ZGQ.thumb_-768x433.jpg 768w, https:\/\/www.giurgiuveanul.ro\/stiri\/wp-content\/uploads\/2023\/11\/NDQwJmhhc2g9MDJlZGRjM2MyMzhlZmE4NTdjMDNiN2YxZjRkNjg2ZGQ.thumb_-400x226.jpg 400w, https:\/\/www.giurgiuveanul.ro\/stiri\/wp-content\/uploads\/2023\/11\/NDQwJmhhc2g9MDJlZGRjM2MyMzhlZmE4NTdjMDNiN2YxZjRkNjg2ZGQ.thumb_.jpg 780w\" sizes=\"auto, (max-width: 585px) 100vw, 585px\" \/><\/a>Poli\u021bia<!--more--> ora\u0219 Bolintin Vale a fost sesizat\u0103, la data de 10 noiembrie a.c., ora 19.30, prin apel 112, de c\u0103tre un b\u0103rbat, cu privire la faptul c\u0103 a fost lovit de un autoturism pe trecerea de pietoni, \u00een localitatea Roata de Jos, informeaz\u0103 IPJ Giurgiu.<\/strong><\/p>\n<p style=\"text-align: justify;\">\n<p style=\"text-align: justify;\">\u00cen temeiul sesiz\u0103rii, la fa\u021ba locului s-au deplasat poli\u021bi\u0219tii, iar, din primele cercet\u0103ri, a reie\u0219it faptul c\u0103, un b\u0103rbat, de 65 de ani, din localitatea Sadina, jude\u021bul Giurgiu, \u00een timp ce conducea un autoturism, av\u00e2nd direc\u021bia de deplasare Roata de Jos c\u0103tre Cartojani, ar fi acro\u0219at un pieton, care se afla angajat \u00een traversarea str\u0103zii.<\/p>\n<p style=\"text-align: justify;\">\n<p style=\"text-align: justify;\">\u00cen urma producerii evenimentului rutier, a rezultat r\u0103nirea pietonului, un b\u0103rbat, de 28 de ani, din localitatea Roata de Jos, care a fost transportat la spital, pentru acordarea de \u00eengrijiri medicale.<\/p>\n<p style=\"text-align: justify;\">\n<p style=\"text-align: justify;\">Imediat dup\u0103 producerea evenimentului rutier, conduc\u0103torul autoturismului ar fi p\u0103r\u0103sit locul accidentului, f\u0103r\u0103 \u00eencuviin\u021barea poli\u021bi\u0219tilor, fiind depistat la scurt timp, la domiciliul s\u0103u, din localitatea Sadina.<\/p>\n<p style=\"text-align: justify;\">\n<p style=\"text-align: justify;\">B\u0103rbatul a refuzat at\u00e2t testarea cu aparatul etilotest, c\u00e2t \u0219i recoltarea probelor biologice de s\u00e2nge.<\/p>\n<p style=\"text-align: justify;\">\n<p style=\"text-align: justify;\">La data de 11 noiembrie a.c., pe baza probatoriului administrat, sub coordonarea procurorului din cadrul Parchetului de pe l\u00e2ng\u0103 Judec\u0103toria Bolintin-Vale, conduc\u0103torul auto b\u0103nuit de s\u0103v\u00e2r\u0219irea infrac\u021biunilor de v\u0103t\u0103mare corporal\u0103 din culp\u0103, p\u0103r\u0103sirea locului producerii accidentului \u0219i refuzul sau sustragerea de la prelevarea de mostre biologice, a fost re\u021binut, pentru 24 de ore.<\/p>\n<p style=\"text-align: justify;\">\n<p style=\"text-align: justify;\">Tot ast\u0103zi, b\u0103rbatul a fost prezentat unit\u0103\u021bii de parchet competente, care a dispus, fa\u021b\u0103 de acesta, m\u0103sura controlului judiciar, pentru 60 de zile.<\/p>\n","protected":false},"excerpt":{"rendered":"<p>Poli\u021bia<\/p>\n","protected":false},"author":1,"featured_media":0,"comment_status":"open","ping_status":"open","sticky":false,"template":"","format":"standard","meta":{"footnotes":""},"categories":[6],"tags":[],"class_list":["post-101267","post","type-post","status-publish","format-standard","hentry","category-breaking-news"],"_links":{"self":[{"href":"https:\/\/www.giurgiuveanul.ro\/stiri\/wp-json\/wp\/v2\/posts\/101267","targetHints":{"allow":["GET"]}}],"collection":[{"href":"https:\/\/www.giurgiuveanul.ro\/stiri\/wp-json\/wp\/v2\/posts"}],"about":[{"href":"https:\/\/www.giurgiuveanul.ro\/stiri\/wp-json\/wp\/v2\/types\/post"}],"author":[{"embeddable":true,"href":"https:\/\/www.giurgiuveanul.ro\/stiri\/wp-json\/wp\/v2\/users\/1"}],"replies":[{"embeddable":true,"href":"https:\/\/www.giurgiuveanul.ro\/stiri\/wp-json\/wp\/v2\/comments?post=101267"}],"version-history":[{"count":0,"href":"https:\/\/www.giurgiuveanul.ro\/stiri\/wp-json\/wp\/v2\/posts\/101267\/revisions"}],"wp:attachment":[{"href":"https:\/\/www.giurgiuveanul.ro\/stiri\/wp-json\/wp\/v2\/media?parent=101267"}],"wp:term":[{"taxonomy":"category","embeddable":true,"href":"https:\/\/www.giurgiuveanul.ro\/stiri\/wp-json\/wp\/v2\/categories?post=101267"},{"taxonomy":"post_tag","embeddable":true,"href":"https:\/\/www.giurgiuveanul.ro\/stiri\/wp-json\/wp\/v2\/tags?post=101267"}],"curies":[{"name":"wp","href":"https:\/\/api.w.org\/{rel}","templated":true}]}}