{"id":101270,"date":"2023-11-11T17:29:09","date_gmt":"2023-11-11T15:29:09","guid":{"rendered":"https:\/\/www.giurgiuveanul.ro\/stiri\/?p=101270"},"modified":"2023-11-11T17:29:09","modified_gmt":"2023-11-11T15:29:09","slug":"accident-rutier-soldat-cu-pagube-materiale","status":"publish","type":"post","link":"https:\/\/www.giurgiuveanul.ro\/stiri\/accident-rutier-soldat-cu-pagube-materiale\/","title":{"rendered":"Accident rutier soldat cu pagube materiale"},"content":{"rendered":"<p style=\"text-align: justify;\"><strong><a href=\"https:\/\/www.giurgiuveanul.ro\/stiri\/wp-content\/uploads\/2023\/11\/criminalisti1.jpg\"><img loading=\"lazy\" decoding=\"async\" class=\"aligncenter  wp-image-101271\" src=\"https:\/\/www.giurgiuveanul.ro\/stiri\/wp-content\/uploads\/2023\/11\/criminalisti1-560x325.jpg\" alt=\"\" width=\"574\" height=\"333\" srcset=\"https:\/\/www.giurgiuveanul.ro\/stiri\/wp-content\/uploads\/2023\/11\/criminalisti1-560x325.jpg 560w, https:\/\/www.giurgiuveanul.ro\/stiri\/wp-content\/uploads\/2023\/11\/criminalisti1-250x145.jpg 250w, https:\/\/www.giurgiuveanul.ro\/stiri\/wp-content\/uploads\/2023\/11\/criminalisti1-400x232.jpg 400w, https:\/\/www.giurgiuveanul.ro\/stiri\/wp-content\/uploads\/2023\/11\/criminalisti1.jpg 600w\" sizes=\"auto, (max-width: 574px) 100vw, 574px\" \/><\/a>Poli\u021bi\u0219tii din cadrul<!--more--> Forma\u021biunii Bolintin Vale au fost sesiza\u021bi, la data de 10 noiembrie a.c., ora 18.00, \u00a0prin apel 112, de c\u0103tre un b\u0103rbat, cu privire la faptul c\u0103 \u00een timp ce se deplasa cu un atelaj hipo, \u00eentre localit\u0103\u021bile Obedeni \u0219i Uie\u0219ti, comuna Buc\u0219ani, a fost acro\u0219at de un autoturism, potrivit IPJ Giurgiu.<\/strong><\/p>\n<p style=\"text-align: justify;\">\n<p style=\"text-align: justify;\">\u00cen temeiul sesiz\u0103rii, poli\u021bi\u0219tii s-au deplasat la fa\u021ba locului, unde au identificat conduc\u0103torul autoturismului, ca fiind un b\u0103rbat, de 66 de ani, cet\u0103\u021bean francez.<\/p>\n<p style=\"text-align: justify;\">\n<p style=\"text-align: justify;\">Acesta a fost testat cu aparatul etilotest, care a indicat valoarea de 0,97 mg\/l alcool pur \u00een aerul expirat, motiv pentru care a fost condus la spital, pentru recoltarea probelor biologice de s\u00e2nge, \u00een vederea stabilirii alcoolemiei.<\/p>\n<p style=\"text-align: justify;\">\n<p style=\"text-align: justify;\">\u00cen urma producerii evenimentului rutier, au rezultat doar pagube materiale.<\/p>\n<p style=\"text-align: justify;\">\n<p style=\"text-align: justify;\">\u00cen cauz\u0103, a fost \u00eentocmit un dosar penal sub aspectul s\u0103v\u00e2r\u0219irii infrac\u021biunii de conducerea unui vehicul sub influen\u021ba b\u0103uturilor alcoolice.<\/p>\n","protected":false},"excerpt":{"rendered":"<p>Poli\u021bi\u0219tii din cadrul<\/p>\n","protected":false},"author":1,"featured_media":0,"comment_status":"open","ping_status":"open","sticky":false,"template":"","format":"standard","meta":{"footnotes":""},"categories":[6],"tags":[],"class_list":["post-101270","post","type-post","status-publish","format-standard","hentry","category-breaking-news"],"_links":{"self":[{"href":"https:\/\/www.giurgiuveanul.ro\/stiri\/wp-json\/wp\/v2\/posts\/101270","targetHints":{"allow":["GET"]}}],"collection":[{"href":"https:\/\/www.giurgiuveanul.ro\/stiri\/wp-json\/wp\/v2\/posts"}],"about":[{"href":"https:\/\/www.giurgiuveanul.ro\/stiri\/wp-json\/wp\/v2\/types\/post"}],"author":[{"embeddable":true,"href":"https:\/\/www.giurgiuveanul.ro\/stiri\/wp-json\/wp\/v2\/users\/1"}],"replies":[{"embeddable":true,"href":"https:\/\/www.giurgiuveanul.ro\/stiri\/wp-json\/wp\/v2\/comments?post=101270"}],"version-history":[{"count":0,"href":"https:\/\/www.giurgiuveanul.ro\/stiri\/wp-json\/wp\/v2\/posts\/101270\/revisions"}],"wp:attachment":[{"href":"https:\/\/www.giurgiuveanul.ro\/stiri\/wp-json\/wp\/v2\/media?parent=101270"}],"wp:term":[{"taxonomy":"category","embeddable":true,"href":"https:\/\/www.giurgiuveanul.ro\/stiri\/wp-json\/wp\/v2\/categories?post=101270"},{"taxonomy":"post_tag","embeddable":true,"href":"https:\/\/www.giurgiuveanul.ro\/stiri\/wp-json\/wp\/v2\/tags?post=101270"}],"curies":[{"name":"wp","href":"https:\/\/api.w.org\/{rel}","templated":true}]}}