{"id":101273,"date":"2023-11-12T13:17:41","date_gmt":"2023-11-12T11:17:41","guid":{"rendered":"https:\/\/www.giurgiuveanul.ro\/stiri\/?p=101273"},"modified":"2023-11-12T13:17:41","modified_gmt":"2023-11-12T11:17:41","slug":"trei-localitati-giurgiuvene-schitu-ghimpati-si-valea-dragului-vor-ramane-luni-13-noiembrie-fara-curent-electric-care-sunt-strazile-vizate-vezi-aici","status":"publish","type":"post","link":"https:\/\/www.giurgiuveanul.ro\/stiri\/trei-localitati-giurgiuvene-schitu-ghimpati-si-valea-dragului-vor-ramane-luni-13-noiembrie-fara-curent-electric-care-sunt-strazile-vizate-vezi-aici\/","title":{"rendered":"Trei localit\u0103\u0163i giurgiuvene: Schitu, Ghimpa\u0163i \u015fi Valea Dragului vor r\u0103m\u00e2ne luni, 13 noiembrie, f\u0103r\u0103 curent electric! Care sunt str\u0103zile vizate VEZI AICI"},"content":{"rendered":"<p style=\"text-align: justify;\"><a href=\"https:\/\/www.giurgiuveanul.ro\/stiri\/wp-content\/uploads\/2023\/11\/E-Distributie-intreruperi-social-1-2-1.png\"><img loading=\"lazy\" decoding=\"async\" class=\"aligncenter  wp-image-101274\" src=\"https:\/\/www.giurgiuveanul.ro\/stiri\/wp-content\/uploads\/2023\/11\/E-Distributie-intreruperi-social-1-2-1-560x315.png\" alt=\"\" width=\"569\" height=\"320\" srcset=\"https:\/\/www.giurgiuveanul.ro\/stiri\/wp-content\/uploads\/2023\/11\/E-Distributie-intreruperi-social-1-2-1-560x315.png 560w, https:\/\/www.giurgiuveanul.ro\/stiri\/wp-content\/uploads\/2023\/11\/E-Distributie-intreruperi-social-1-2-1-250x141.png 250w, https:\/\/www.giurgiuveanul.ro\/stiri\/wp-content\/uploads\/2023\/11\/E-Distributie-intreruperi-social-1-2-1-400x225.png 400w, https:\/\/www.giurgiuveanul.ro\/stiri\/wp-content\/uploads\/2023\/11\/E-Distributie-intreruperi-social-1-2-1.png 666w\" sizes=\"auto, (max-width: 569px) 100vw, 569px\" \/><\/a>Re\u021bele Electrice Muntenia<!--more--> (companie parte a grupului PPC, denumit\u0103 anterior E-Distribu\u0163ie Muntenia) a redus pe c\u00e2t posibil num\u0103rul \u00eentreruperilor programate pentru buna administrare \u0219i func\u021bionare a re\u021belei de distribu\u021bie a energiei electrice, pentru a minimiza disconfortul clien\u021bilor. Lucr\u0103rile au fost reduse la cele care sunt necesare. Regret\u0103m nepl\u0103cerile resim\u021bite de clien\u021bi \u00een cazurile \u00een care aceste lucr\u0103ri, efectuate pentru a preveni eventuale probleme \u00een alimentare, perturb\u0103 temporar activit\u0103\u021bile acestora.<\/p>\n<p style=\"text-align: justify;\">Urm\u0103toarele \u00eentreruperi se vor realiza pentru a asigura capacitatea re\u021belei de a func\u021biona \u0219i alimenta clien\u021bii \u00een bune condi\u021bii.<\/p>\n<table width=\"100%\">\n<tbody>\n<tr>\n<td width=\"15%\"><strong>Ziua \/ Data<\/strong><\/td>\n<td>\n<table width=\"100%\">\n<tbody>\n<tr>\n<td><strong>Localitatea, strada afectata<\/strong><\/td>\n<td width=\"15%\"><strong>Orar<\/strong><\/td>\n<\/tr>\n<\/tbody>\n<\/table>\n<\/td>\n<\/tr>\n<tr>\n<td width=\"15%\">Luni , 13 noiembrie 2023<\/td>\n<td>\n<table width=\"100%\">\n<tbody>\n<tr>\n<td><strong><span style=\"color: #ff0000;\">Schitu,<\/span><\/strong> Str Sos Giurgiului<\/td>\n<td width=\"15%\">09:00 &#8211; 17:00<\/td>\n<\/tr>\n<tr>\n<td><span style=\"color: #ff0000;\"><strong>Ghimpa\u0163i,<\/strong><\/span> Str Salcioaraei<\/td>\n<td width=\"15%\">09:00 &#8211; 17:00<\/td>\n<\/tr>\n<tr>\n<td><strong><span style=\"color: #ff0000;\">Valea Dragului,<\/span><\/strong> Principala, Lautarilor, Rozelor, Zugravului, Sabarului,\u00a0 Toporasilor, Violetelor, Baicului, Liliacului, Dreptatii, Infundata, Postei, Stadionului, A daracului, Bufetului si strazi adiacente.<\/td>\n<td width=\"15%\">09:00 &#8211; 17:00<\/td>\n<\/tr>\n<\/tbody>\n<\/table>\n<\/td>\n<\/tr>\n<\/tbody>\n<\/table>\n","protected":false},"excerpt":{"rendered":"<p>Re\u021bele Electrice Muntenia<\/p>\n","protected":false},"author":1,"featured_media":0,"comment_status":"open","ping_status":"open","sticky":false,"template":"","format":"standard","meta":{"footnotes":""},"categories":[1],"tags":[],"class_list":["post-101273","post","type-post","status-publish","format-standard","hentry","category-actualitate"],"_links":{"self":[{"href":"https:\/\/www.giurgiuveanul.ro\/stiri\/wp-json\/wp\/v2\/posts\/101273","targetHints":{"allow":["GET"]}}],"collection":[{"href":"https:\/\/www.giurgiuveanul.ro\/stiri\/wp-json\/wp\/v2\/posts"}],"about":[{"href":"https:\/\/www.giurgiuveanul.ro\/stiri\/wp-json\/wp\/v2\/types\/post"}],"author":[{"embeddable":true,"href":"https:\/\/www.giurgiuveanul.ro\/stiri\/wp-json\/wp\/v2\/users\/1"}],"replies":[{"embeddable":true,"href":"https:\/\/www.giurgiuveanul.ro\/stiri\/wp-json\/wp\/v2\/comments?post=101273"}],"version-history":[{"count":0,"href":"https:\/\/www.giurgiuveanul.ro\/stiri\/wp-json\/wp\/v2\/posts\/101273\/revisions"}],"wp:attachment":[{"href":"https:\/\/www.giurgiuveanul.ro\/stiri\/wp-json\/wp\/v2\/media?parent=101273"}],"wp:term":[{"taxonomy":"category","embeddable":true,"href":"https:\/\/www.giurgiuveanul.ro\/stiri\/wp-json\/wp\/v2\/categories?post=101273"},{"taxonomy":"post_tag","embeddable":true,"href":"https:\/\/www.giurgiuveanul.ro\/stiri\/wp-json\/wp\/v2\/tags?post=101273"}],"curies":[{"name":"wp","href":"https:\/\/api.w.org\/{rel}","templated":true}]}}