{"id":101304,"date":"2023-11-14T14:48:28","date_gmt":"2023-11-14T12:48:28","guid":{"rendered":"https:\/\/www.giurgiuveanul.ro\/stiri\/?p=101304"},"modified":"2023-11-14T14:48:48","modified_gmt":"2023-11-14T12:48:48","slug":"isu-giurgiu-incendiu-locuinta-in-localitatea-podul-doamnei","status":"publish","type":"post","link":"https:\/\/www.giurgiuveanul.ro\/stiri\/isu-giurgiu-incendiu-locuinta-in-localitatea-podul-doamnei\/","title":{"rendered":"ISU Giurgiu. Incendiu locuin\u021b\u0103, \u00een localitatea Podul Doamnei"},"content":{"rendered":"<p style=\"text-align: justify;\"><a href=\"https:\/\/www.giurgiuveanul.ro\/stiri\/wp-content\/uploads\/2023\/11\/000-incendiu-podu-doamnei.jpeg\"><img loading=\"lazy\" decoding=\"async\" class=\"aligncenter wp-image-101305\" src=\"https:\/\/www.giurgiuveanul.ro\/stiri\/wp-content\/uploads\/2023\/11\/000-incendiu-podu-doamnei-560x442.jpeg\" alt=\"\" width=\"580\" height=\"458\" srcset=\"https:\/\/www.giurgiuveanul.ro\/stiri\/wp-content\/uploads\/2023\/11\/000-incendiu-podu-doamnei-560x442.jpeg 560w, https:\/\/www.giurgiuveanul.ro\/stiri\/wp-content\/uploads\/2023\/11\/000-incendiu-podu-doamnei-250x197.jpeg 250w, https:\/\/www.giurgiuveanul.ro\/stiri\/wp-content\/uploads\/2023\/11\/000-incendiu-podu-doamnei-768x606.jpeg 768w, https:\/\/www.giurgiuveanul.ro\/stiri\/wp-content\/uploads\/2023\/11\/000-incendiu-podu-doamnei-400x316.jpeg 400w, https:\/\/www.giurgiuveanul.ro\/stiri\/wp-content\/uploads\/2023\/11\/000-incendiu-podu-doamnei.jpeg 940w\" sizes=\"auto, (max-width: 580px) 100vw, 580px\" \/><\/a>Casa<!--more--> unei familii a luat foc, ieri dup\u0103-amiaz\u0103, \u00een localitatea Podul Doamnei.<\/p>\n<p style=\"text-align: justify;\">La caz s-au deplasat pompierii din cadrul Sta\u021biei Mih\u0103ile\u0219ti \u0219i G\u0103rzii de Interven\u021bie Roata de Jos cu trei autospeciale de stingere.<\/p>\n<p style=\"text-align: justify;\">Pompierii au constatat faptul c\u0103 incendiul se manifesta violent \u0219i au ac\u021bionat astfel \u00eenc\u00e2t fl\u0103c\u0103rile s\u0103 nu se extind\u0103 la \u00eentreaga cas\u0103. Au ars dou\u0103 camere \u0219i o anex\u0103 pe o suprafa\u021b\u0103 de aproximativ 100 mp.<\/p>\n<p style=\"text-align: justify;\">Cel mai probabil evenimentul a fost provocat de jarul c\u0103zut din soba cu plit\u0103, pe materialele combustibile din apropiere.<\/p>\n<p style=\"text-align: justify;\">Pentru a preveni astfel de incendii, trebuie respectate urm\u0103toarele m\u0103suri:<\/p>\n<p style=\"text-align: justify;\">&#8211; amplasa\u0163i, \u00een fa\u0163a sobelor \/ a centralelor cu lemne, o cutie metalic\u0103: aceasta va asigura protec\u0163ia fa\u0163\u0103 de c\u0103derea accidental\u0103, direct pe podea, a lemnelor aprinse sau a jarului, care ar putea incendia materialele combustibile din apropiere;<\/p>\n<p style=\"text-align: justify;\">&#8211; \u00een timpul func\u021bion\u0103rii, nu l\u0103sa\u021bi u\u0219a sobei sau a plitei deschis\u0103;<\/p>\n<p style=\"text-align: justify;\">&#8211; nu folosi\u0163i alte materiale combustibile \u00een afar\u0103 de cele pentru care a fost destinat\u0103 soba \u0219i evita\u0163i supra\u00eenc\u0103rcarea acesteia;<\/p>\n<p style=\"text-align: justify;\">&#8211; nu pune\u021bi materiale combustibile \u00een spa\u0163iile dintre sob\u0103 \u015fi perete;<\/p>\n<p style=\"text-align: justify;\">&#8211; nu a\u0219eza\u021bi patul l\u00e2ng\u0103 sob\u0103;<\/p>\n<p style=\"text-align: justify;\">&#8211; nu introduce\u021bi \u00een sob\u0103 lemne cu lungimea mai mare dec\u00e2t vatra focarului;<\/p>\n<p style=\"text-align: justify;\">&#8211; focul \u00een sobe nu trebuie l\u0103sat f\u0103r\u0103 supraveghere sau \u00een grija copiilor \u0219i trebuie stins \u00eenainte de a p\u0103r\u0103si locuin\u0163a;<\/p>\n<p style=\"text-align: justify;\">&#8211; nu adormi\u0163i niciodat\u0103 cu focul aprins \u00een sob\u0103;<\/p>\n<p style=\"text-align: justify;\">&#8211; depozita\u021bi cenu\u015fa \u015fi jarul provenite de la sobe \u00eentr-un loc special amenajat.<\/p>\n<p style=\"text-align: center;\"><strong><em>Compartimentul Informare \u0219i Rela\u021bii Publice<\/em><\/strong><\/p>\n","protected":false},"excerpt":{"rendered":"<p>Casa<\/p>\n","protected":false},"author":1,"featured_media":0,"comment_status":"open","ping_status":"open","sticky":false,"template":"","format":"standard","meta":{"footnotes":""},"categories":[6],"tags":[],"class_list":["post-101304","post","type-post","status-publish","format-standard","hentry","category-breaking-news"],"_links":{"self":[{"href":"https:\/\/www.giurgiuveanul.ro\/stiri\/wp-json\/wp\/v2\/posts\/101304","targetHints":{"allow":["GET"]}}],"collection":[{"href":"https:\/\/www.giurgiuveanul.ro\/stiri\/wp-json\/wp\/v2\/posts"}],"about":[{"href":"https:\/\/www.giurgiuveanul.ro\/stiri\/wp-json\/wp\/v2\/types\/post"}],"author":[{"embeddable":true,"href":"https:\/\/www.giurgiuveanul.ro\/stiri\/wp-json\/wp\/v2\/users\/1"}],"replies":[{"embeddable":true,"href":"https:\/\/www.giurgiuveanul.ro\/stiri\/wp-json\/wp\/v2\/comments?post=101304"}],"version-history":[{"count":0,"href":"https:\/\/www.giurgiuveanul.ro\/stiri\/wp-json\/wp\/v2\/posts\/101304\/revisions"}],"wp:attachment":[{"href":"https:\/\/www.giurgiuveanul.ro\/stiri\/wp-json\/wp\/v2\/media?parent=101304"}],"wp:term":[{"taxonomy":"category","embeddable":true,"href":"https:\/\/www.giurgiuveanul.ro\/stiri\/wp-json\/wp\/v2\/categories?post=101304"},{"taxonomy":"post_tag","embeddable":true,"href":"https:\/\/www.giurgiuveanul.ro\/stiri\/wp-json\/wp\/v2\/tags?post=101304"}],"curies":[{"name":"wp","href":"https:\/\/api.w.org\/{rel}","templated":true}]}}