{"id":101717,"date":"2023-12-04T14:43:34","date_gmt":"2023-12-04T12:43:34","guid":{"rendered":"https:\/\/www.giurgiuveanul.ro\/stiri\/?p=101717"},"modified":"2023-12-04T14:43:34","modified_gmt":"2023-12-04T12:43:34","slug":"tragedie-un-giurgiuvean-si-a-pierdut-viata-in-urma-unui-incendiu","status":"publish","type":"post","link":"https:\/\/www.giurgiuveanul.ro\/stiri\/tragedie-un-giurgiuvean-si-a-pierdut-viata-in-urma-unui-incendiu\/","title":{"rendered":"Tragedie. Un giurgiuvean \u015fi-a pierdut via\u0163a \u00een urma unui incendiu\u2026"},"content":{"rendered":"<p style=\"text-align: justify;\"><strong><a href=\"https:\/\/www.giurgiuveanul.ro\/stiri\/wp-content\/uploads\/2023\/12\/000-Tragedie-Ogrezeni.jpeg\"><img loading=\"lazy\" decoding=\"async\" class=\"aligncenter  wp-image-101718\" src=\"https:\/\/www.giurgiuveanul.ro\/stiri\/wp-content\/uploads\/2023\/12\/000-Tragedie-Ogrezeni-459x450.jpeg\" alt=\"\" width=\"574\" height=\"563\" srcset=\"https:\/\/www.giurgiuveanul.ro\/stiri\/wp-content\/uploads\/2023\/12\/000-Tragedie-Ogrezeni-459x450.jpeg 459w, https:\/\/www.giurgiuveanul.ro\/stiri\/wp-content\/uploads\/2023\/12\/000-Tragedie-Ogrezeni-250x245.jpeg 250w, https:\/\/www.giurgiuveanul.ro\/stiri\/wp-content\/uploads\/2023\/12\/000-Tragedie-Ogrezeni-768x753.jpeg 768w, https:\/\/www.giurgiuveanul.ro\/stiri\/wp-content\/uploads\/2023\/12\/000-Tragedie-Ogrezeni-400x392.jpeg 400w, https:\/\/www.giurgiuveanul.ro\/stiri\/wp-content\/uploads\/2023\/12\/000-Tragedie-Ogrezeni.jpeg 1080w\" sizes=\"auto, (max-width: 574px) 100vw, 574px\" \/><\/a>Un b\u0103rbat, \u00een v\u00e2rst\u0103 de<!--more--> 49 de ani, \u0219i-a pierdut via\u021ba \u00een urma unui incendiu izbucnit \u00eentr-o cas\u0103 din localitatea Ogrezeni. Tragedia s-a produs \u00een aceast\u0103 diminea\u021b\u0103, iar fl\u0103c\u0103rile au fost observate de vecini, potrivit informa\u0163iilor oferite de ISU Giurgiu.<\/strong><\/p>\n<p style=\"text-align: justify;\">C\u00e2nd au ajuns pompierii, locuin\u021ba, care era deja dezafectat\u0103, ardea generalizat, iar \u00een unele dintre \u00eenc\u0103peri tavanele erau pr\u0103bu\u0219ite. Vecinii le-au spus pompierilor c\u0103 exist\u0103 riscul ca b\u0103rbatul care se ad\u0103postea \u00een casa respectiv\u0103 s\u0103 fie \u00eentr-una dintre camere, motiv pentru care echipajele au \u00eenceput imediat c\u0103utarea acestuia, concomitent cu actiunea de stingere a incendiului.<\/p>\n<p style=\"text-align: justify;\">Din p\u0103cate, b\u0103rbatul a fost g\u0103sit \u00eentr-una dintre \u00eenc\u0103peri \u0219i nu a mai putut fi salvat.<\/p>\n<p style=\"text-align: justify;\">La caz au intervenit pompierii din cadrul Deta\u0219amentului Bolintin Deal, cu dou\u0103 autospeciale de stingere \u0219i o ambulan\u021b\u0103 SMURD.<\/p>\n<p style=\"text-align: justify;\">Cel mai probabil evenimentul a fost provocat de jarul c\u0103zut din sob\u0103, pe materialele textile din apropiere. Pentru a preveni astfel de incendii, trebuie respectate urm\u0103toarele m\u0103suri:<\/p>\n<ul style=\"text-align: justify;\">\n<li>amplasa\u0163i, \u00een fa\u0163a sobelor o cutie metalic\u0103: aceasta va asigura protec\u0163ia fa\u0163\u0103 de c\u0103derea accidental\u0103, direct pe podea, a lemnelor aprinse sau a jarului, care ar putea incendia materialele combustibile din apropiere;<\/li>\n<li>\u00een timpul func\u021bion\u0103rii, nu l\u0103sa\u021bi u\u0219a sobei sau a plitei deschis\u0103;<\/li>\n<li>nu folosi\u0163i alte materiale combustibile \u00een afar\u0103 de cele pentru care a fost destinat\u0103 soba \u0219i evita\u0163i supra\u00eenc\u0103rcarea acesteia;<\/li>\n<li>nu pune\u021bi materiale combustibile \u00een spa\u0163iile dintre sob\u0103 \u015fi perete;<\/li>\n<li>nu a\u0219eza\u021bi patul l\u00e2ng\u0103 sob\u0103;<\/li>\n<li>nu introduce\u021bi \u00een sob\u0103 lemne cu lungimea mai mare dec\u00e2t vatra focarului;<\/li>\n<li>focul \u00een sobe nu trebuie l\u0103sat f\u0103r\u0103 supraveghere sau \u00een grija copiilor \u0219i trebuie stins \u00eenainte de a p\u0103r\u0103si locuin\u0163a;<\/li>\n<li>nu adormi\u0163i niciodat\u0103 cu focul aprins \u00een sob\u0103;<\/li>\n<li>depozita\u021bi cenu\u015fa \u015fi jarul provenite de la sobe \u00eentr-un loc special amenajat.<\/li>\n<\/ul>\n<p style=\"text-align: justify;\">\n<p style=\"text-align: justify;\">Compartimentul Informare \u0219i Rela\u021bii Publice<\/p>\n","protected":false},"excerpt":{"rendered":"<p>Un b\u0103rbat, \u00een v\u00e2rst\u0103 de<\/p>\n","protected":false},"author":1,"featured_media":0,"comment_status":"open","ping_status":"open","sticky":false,"template":"","format":"standard","meta":{"footnotes":""},"categories":[6],"tags":[],"class_list":["post-101717","post","type-post","status-publish","format-standard","hentry","category-breaking-news"],"_links":{"self":[{"href":"https:\/\/www.giurgiuveanul.ro\/stiri\/wp-json\/wp\/v2\/posts\/101717","targetHints":{"allow":["GET"]}}],"collection":[{"href":"https:\/\/www.giurgiuveanul.ro\/stiri\/wp-json\/wp\/v2\/posts"}],"about":[{"href":"https:\/\/www.giurgiuveanul.ro\/stiri\/wp-json\/wp\/v2\/types\/post"}],"author":[{"embeddable":true,"href":"https:\/\/www.giurgiuveanul.ro\/stiri\/wp-json\/wp\/v2\/users\/1"}],"replies":[{"embeddable":true,"href":"https:\/\/www.giurgiuveanul.ro\/stiri\/wp-json\/wp\/v2\/comments?post=101717"}],"version-history":[{"count":0,"href":"https:\/\/www.giurgiuveanul.ro\/stiri\/wp-json\/wp\/v2\/posts\/101717\/revisions"}],"wp:attachment":[{"href":"https:\/\/www.giurgiuveanul.ro\/stiri\/wp-json\/wp\/v2\/media?parent=101717"}],"wp:term":[{"taxonomy":"category","embeddable":true,"href":"https:\/\/www.giurgiuveanul.ro\/stiri\/wp-json\/wp\/v2\/categories?post=101717"},{"taxonomy":"post_tag","embeddable":true,"href":"https:\/\/www.giurgiuveanul.ro\/stiri\/wp-json\/wp\/v2\/tags?post=101717"}],"curies":[{"name":"wp","href":"https:\/\/api.w.org\/{rel}","templated":true}]}}